{"id":1083,"date":"2023-11-08T15:03:00","date_gmt":"2023-11-08T12:03:00","guid":{"rendered":"https:\/\/colyakvakfi.org\/?p=1083"},"modified":"2024-04-08T15:18:29","modified_gmt":"2024-04-08T12:18:29","slug":"milli-egitim-bakanligi-gorusmesi","status":"publish","type":"post","link":"https:\/\/otoson.com.tr\/demo\/milli-egitim-bakanligi-gorusmesi\/","title":{"rendered":"\u00c7\u00f6lyak Vakf\u0131 ve Milli E\u011fitim Bakanl\u0131\u011f\u0131 G\u00f6r\u00fc\u015fmesi"},"content":{"rendered":"\n<p>06.11.2023 tarihinde Ankara\u2019daki ikinci toplant\u0131m\u0131z Milli E\u011fitim Bakanl\u0131\u011f\u0131 \u0130\u015f Yeri Sa\u011fl\u0131k ve G\u00fcvenlik Birimi Daire Ba\u015fkan\u0131 Say\u0131n \u00d6zkan Avc\u0131 ve MEB \u015eube M\u00fcd\u00fcr\u00fc Say\u0131n G\u00fclcan K\u0131l\u0131n\u00e7 ile oldu.<\/p>\n\n\n\n<p>G\u00f6r\u00fc\u015fmemizde \u00f6ncelikle okul kantinlerinde hi\u00e7 gl\u00fctensiz \u00fcr\u00fcn olmad\u0131\u011f\u0131n\u0131 ve kantinlerin raflar\u0131nda gl\u00fctensiz paketli \u00fcr\u00fcnlerin bulunmas\u0131 gerekti\u011fini bildirdik. Kantinciler Federasyon\u2019undan S\u00fcleyman Erbay temsilci olarak kat\u0131ld\u0131 ve kantinlerle ilgili \u00e7\u00f6z\u00fcm \u00f6nerileri \u00fczerine g\u00f6r\u00fc\u015f\u00fcld\u00fc.<\/p>\n\n\n\n<p>Yemekhanesi bulunan okullarda uygun ko\u015fullar sa\u011flanarak gl\u00fctensiz yemek \u00e7\u0131kart\u0131lmas\u0131 y\u00f6n\u00fcnde talebimizi ilettik. Ayr\u0131ca, vakf\u0131m\u0131za ula\u015fan velilerin ya\u015fad\u0131\u011f\u0131 sorunlar\u0131 (Okula kay\u0131t esnas\u0131nda \u00e7\u00f6lyak sebebi ile \u00e7ocuklar\u0131n\u0131n okula kaydolmamas\u0131, \u00f6zel okullarda yemekhane hizmetinden yararlanmayacak olan \u00e7\u00f6lyakl\u0131 \u00f6\u011frencilerden yemek paras\u0131n\u0131n al\u0131nmas\u0131 vb.) do\u011frudan ilettik.<br>Say\u0131n Avc\u0131 ve Say\u0131n K\u0131l\u0131n\u00e7 bizleri ilgiyle dinledi ve yeni bir mevzuat geli\u015ftirdiklerini ve \u00c7\u00f6lyak Vakf\u0131\u2019n\u0131n mevzuata katk\u0131da bulunmalar\u0131n\u0131 talep ettiler.<\/p>\n\n\n\n<p>Y\u00f6netmeli\u011fe katk\u0131da bulunmak amac\u0131yla vak\u0131f olarak en k\u0131sa s\u00fcrede \u00e7al\u0131\u015ftay d\u00fczenleyece\u011fimizi ve ihtiya\u00e7lar hakk\u0131nda bilgileri \u00e7\u00f6lyakl\u0131 veliler ve \u00f6\u011fretmenlerden toplad\u0131ktan sonra raporumuzu MEB\u2019e iletece\u011fimizi bildirmek isteriz.<\/p>\n\n\n\n<p>MEB ve \u00c7\u00f6lyak Vakf\u0131 aras\u0131ndaki ikinci proje ise 81 ilde MEB ve Sa\u011fl\u0131k Bakanl\u0131\u011f\u0131 \u00fcst d\u00fczey \u00e7\u00f6lyak yetkililerinin ve okul idarelerinin kat\u0131laca\u011f\u0131 bir e\u011fitim program\u0131d\u0131r. Online d\u00fczenlenecek e\u011fitim program\u0131yla ilgili haz\u0131rl\u0131klar\u0131m\u0131z\u0131 en k\u0131sa s\u00fcrede tamamlay\u0131p projeyi hayata ge\u00e7irece\u011fiz.<\/p>\n\n\n\n<p>Daire Ba\u015fkan\u0131 Say\u0131n \u00d6zkan Bey\u2019e \u00f6zel makam\u0131nda bizi a\u011f\u0131rlad\u0131\u011f\u0131 i\u00e7in \u00c7\u00f6lyak Vakf\u0131 ve t\u00fcm \u00e7\u00f6lyakl\u0131lar ad\u0131na minnet ve sayg\u0131lar\u0131m\u0131z\u0131 sunar\u0131z.<\/p>\n","protected":false},"excerpt":{"rendered":"<p>06.11.2023 tarihinde Ankara\u2019daki ikinci toplant\u0131m\u0131z Milli E\u011fitim Bakanl\u0131\u011f\u0131 \u0130\u015f Yeri Sa\u011fl\u0131k ve G\u00fcvenlik Birimi Daire Ba\u015fkan\u0131 Say\u0131n \u00d6zkan Avc\u0131 ve MEB \u015eube M\u00fcd\u00fcr\u00fc Say\u0131n G\u00fclcan K\u0131l\u0131n\u00e7 ile oldu. G\u00f6r\u00fc\u015fmemizde \u00f6ncelikle&hellip;<\/p>\n","protected":false},"author":1,"featured_media":1084,"comment_status":"closed","ping_status":"open","sticky":false,"template":"","format":"standard","meta":{"give_campaign_id":0,"_lmt_disableupdate":"","_lmt_disable":"","footnotes":""},"categories":[24],"tags":[19,20,29],"class_list":["post-1083","post","type-post","status-publish","format-standard","has-post-thumbnail","hentry","category-bakanliklar","tag-colyak","tag-glutensiz-beslenme","tag-kantinlerde-glutensiz-gida"],"yoast_head":"<!-- This site is optimized with the Yoast SEO plugin v24.9 - https:\/\/yoast.com\/wordpress\/plugins\/seo\/ -->\n<title>\u00c7\u00f6lyak Vakf\u0131 ve Milli E\u011fitim Bakanl\u0131\u011f\u0131 G\u00f6r\u00fc\u015fmesi - \u00c7\u00f6lyak Vakf\u0131<\/title>\n<meta name=\"description\" content=\"Milli E\u011fitim Bakanl\u0131\u011f\u0131 g\u00f6r\u00fc\u015fmesi kapsam\u0131nda okul kantinlerinde hi\u00e7 gl\u00fctensiz \u00fcr\u00fcn olmad\u0131\u011f\u0131n\u0131 bildirdik, \u00e7\u00f6z\u00fcm \u00f6nerilerini konu\u015ftuk.\" \/>\n<meta name=\"robots\" content=\"index, follow, max-snippet:-1, max-image-preview:large, max-video-preview:-1\" \/>\n<link rel=\"canonical\" href=\"https:\/\/otoson.com.tr\/demo\/milli-egitim-bakanligi-gorusmesi\/\" \/>\n<meta property=\"og:locale\" content=\"tr_TR\" \/>\n<meta property=\"og:type\" content=\"article\" \/>\n<meta property=\"og:title\" content=\"\u00c7\u00f6lyak Vakf\u0131 ve Milli E\u011fitim Bakanl\u0131\u011f\u0131 G\u00f6r\u00fc\u015fmesi - \u00c7\u00f6lyak Vakf\u0131\" \/>\n<meta property=\"og:description\" content=\"Milli E\u011fitim Bakanl\u0131\u011f\u0131 g\u00f6r\u00fc\u015fmesi kapsam\u0131nda okul kantinlerinde hi\u00e7 gl\u00fctensiz \u00fcr\u00fcn olmad\u0131\u011f\u0131n\u0131 bildirdik, \u00e7\u00f6z\u00fcm \u00f6nerilerini konu\u015ftuk.\" \/>\n<meta property=\"og:url\" content=\"https:\/\/otoson.com.tr\/demo\/milli-egitim-bakanligi-gorusmesi\/\" \/>\n<meta property=\"og:site_name\" content=\"\u00c7\u00f6lyak Vakf\u0131\" \/>\n<meta property=\"article:published_time\" content=\"2023-11-08T12:03:00+00:00\" \/>\n<meta property=\"article:modified_time\" content=\"2024-04-08T12:18:29+00:00\" \/>\n<meta property=\"og:image\" content=\"https:\/\/otoson.com.tr\/demo\/wp-content\/uploads\/2024\/04\/MEBGorusmesiKasim2023.png\" \/>\n\t<meta property=\"og:image:width\" content=\"1425\" \/>\n\t<meta property=\"og:image:height\" content=\"858\" \/>\n\t<meta property=\"og:image:type\" content=\"image\/png\" \/>\n<meta name=\"author\" content=\"\u00c7\u00f6lyak Vakf\u0131\" \/>\n<meta name=\"twitter:card\" content=\"summary_large_image\" \/>\n<meta name=\"twitter:creator\" content=\"@colyakvakfi\" \/>\n<meta name=\"twitter:site\" content=\"@colyakvakfi\" \/>\n<meta name=\"twitter:label1\" content=\"Yazan:\" \/>\n\t<meta name=\"twitter:data1\" content=\"\u00c7\u00f6lyak Vakf\u0131\" \/>\n\t<meta name=\"twitter:label2\" content=\"Tahmini okuma s\u00fcresi\" \/>\n\t<meta name=\"twitter:data2\" content=\"2 dakika\" \/>\n<script type=\"application\/ld+json\" class=\"yoast-schema-graph\">{\"@context\":\"https:\/\/schema.org\",\"@graph\":[{\"@type\":\"Article\",\"@id\":\"https:\/\/otoson.com.tr\/demo\/milli-egitim-bakanligi-gorusmesi\/#article\",\"isPartOf\":{\"@id\":\"https:\/\/otoson.com.tr\/demo\/milli-egitim-bakanligi-gorusmesi\/\"},\"author\":{\"name\":\"\u00c7\u00f6lyak Vakf\u0131\",\"@id\":\"https:\/\/otoson.com.tr\/demo\/#\/schema\/person\/9e7b35c6992260ba3822d06e59b5546b\"},\"headline\":\"\u00c7\u00f6lyak Vakf\u0131 ve Milli E\u011fitim Bakanl\u0131\u011f\u0131 G\u00f6r\u00fc\u015fmesi\",\"datePublished\":\"2023-11-08T12:03:00+00:00\",\"dateModified\":\"2024-04-08T12:18:29+00:00\",\"mainEntityOfPage\":{\"@id\":\"https:\/\/otoson.com.tr\/demo\/milli-egitim-bakanligi-gorusmesi\/\"},\"wordCount\":318,\"publisher\":{\"@id\":\"https:\/\/otoson.com.tr\/demo\/#organization\"},\"image\":{\"@id\":\"https:\/\/otoson.com.tr\/demo\/milli-egitim-bakanligi-gorusmesi\/#primaryimage\"},\"thumbnailUrl\":\"https:\/\/otoson.com.tr\/demo\/wp-content\/uploads\/2024\/04\/MEBGorusmesiKasim2023.png\",\"keywords\":[\"\u00e7\u00f6lyak\",\"glutensiz beslenme\",\"kantinlerde glutensiz g\u0131da\"],\"articleSection\":[\"Bakanl\u0131klar\"],\"inLanguage\":\"tr\"},{\"@type\":\"WebPage\",\"@id\":\"https:\/\/otoson.com.tr\/demo\/milli-egitim-bakanligi-gorusmesi\/\",\"url\":\"https:\/\/otoson.com.tr\/demo\/milli-egitim-bakanligi-gorusmesi\/\",\"name\":\"\u00c7\u00f6lyak Vakf\u0131 ve Milli E\u011fitim Bakanl\u0131\u011f\u0131 G\u00f6r\u00fc\u015fmesi - \u00c7\u00f6lyak Vakf\u0131\",\"isPartOf\":{\"@id\":\"https:\/\/otoson.com.tr\/demo\/#website\"},\"primaryImageOfPage\":{\"@id\":\"https:\/\/otoson.com.tr\/demo\/milli-egitim-bakanligi-gorusmesi\/#primaryimage\"},\"image\":{\"@id\":\"https:\/\/otoson.com.tr\/demo\/milli-egitim-bakanligi-gorusmesi\/#primaryimage\"},\"thumbnailUrl\":\"https:\/\/otoson.com.tr\/demo\/wp-content\/uploads\/2024\/04\/MEBGorusmesiKasim2023.png\",\"datePublished\":\"2023-11-08T12:03:00+00:00\",\"dateModified\":\"2024-04-08T12:18:29+00:00\",\"description\":\"Milli E\u011fitim Bakanl\u0131\u011f\u0131 g\u00f6r\u00fc\u015fmesi kapsam\u0131nda okul kantinlerinde hi\u00e7 gl\u00fctensiz \u00fcr\u00fcn olmad\u0131\u011f\u0131n\u0131 bildirdik, \u00e7\u00f6z\u00fcm \u00f6nerilerini konu\u015ftuk.\",\"breadcrumb\":{\"@id\":\"https:\/\/otoson.com.tr\/demo\/milli-egitim-bakanligi-gorusmesi\/#breadcrumb\"},\"inLanguage\":\"tr\",\"potentialAction\":[{\"@type\":\"ReadAction\",\"target\":[\"https:\/\/otoson.com.tr\/demo\/milli-egitim-bakanligi-gorusmesi\/\"]}]},{\"@type\":\"ImageObject\",\"inLanguage\":\"tr\",\"@id\":\"https:\/\/otoson.com.tr\/demo\/milli-egitim-bakanligi-gorusmesi\/#primaryimage\",\"url\":\"https:\/\/otoson.com.tr\/demo\/wp-content\/uploads\/2024\/04\/MEBGorusmesiKasim2023.png\",\"contentUrl\":\"https:\/\/otoson.com.tr\/demo\/wp-content\/uploads\/2024\/04\/MEBGorusmesiKasim2023.png\",\"width\":1425,\"height\":858},{\"@type\":\"BreadcrumbList\",\"@id\":\"https:\/\/otoson.com.tr\/demo\/milli-egitim-bakanligi-gorusmesi\/#breadcrumb\",\"itemListElement\":[{\"@type\":\"ListItem\",\"position\":1,\"name\":\"Ana Sayfa\",\"item\":\"https:\/\/otoson.com.tr\/demo\/\"},{\"@type\":\"ListItem\",\"position\":2,\"name\":\"\u00c7\u00f6lyak Vakf\u0131 ve Milli E\u011fitim Bakanl\u0131\u011f\u0131 G\u00f6r\u00fc\u015fmesi\"}]},{\"@type\":\"WebSite\",\"@id\":\"https:\/\/otoson.com.tr\/demo\/#website\",\"url\":\"https:\/\/otoson.com.tr\/demo\/\",\"name\":\"\u00c7\u00f6lyak Vakf\u0131\",\"description\":\"Her lokmada \u00f6zg\u00fcrl\u00fck, her ad\u0131mda dayan\u0131\u015fma\",\"publisher\":{\"@id\":\"https:\/\/otoson.com.tr\/demo\/#organization\"},\"potentialAction\":[{\"@type\":\"SearchAction\",\"target\":{\"@type\":\"EntryPoint\",\"urlTemplate\":\"https:\/\/otoson.com.tr\/demo\/?s={search_term_string}\"},\"query-input\":{\"@type\":\"PropertyValueSpecification\",\"valueRequired\":true,\"valueName\":\"search_term_string\"}}],\"inLanguage\":\"tr\"},{\"@type\":\"Organization\",\"@id\":\"https:\/\/otoson.com.tr\/demo\/#organization\",\"name\":\"\u00c7\u00f6lyak Vakf\u0131\",\"url\":\"https:\/\/otoson.com.tr\/demo\/\",\"logo\":{\"@type\":\"ImageObject\",\"inLanguage\":\"tr\",\"@id\":\"https:\/\/otoson.com.tr\/demo\/#\/schema\/logo\/image\/\",\"url\":\"https:\/\/colyakvakfi.org\/wp-content\/uploads\/2024\/03\/CVLogo.png\",\"contentUrl\":\"https:\/\/colyakvakfi.org\/wp-content\/uploads\/2024\/03\/CVLogo.png\",\"width\":250,\"height\":250,\"caption\":\"\u00c7\u00f6lyak Vakf\u0131\"},\"image\":{\"@id\":\"https:\/\/otoson.com.tr\/demo\/#\/schema\/logo\/image\/\"},\"sameAs\":[\"https:\/\/x.com\/colyakvakfi\",\"https:\/\/instagram.com\/colyakvakfi\"]},{\"@type\":\"Person\",\"@id\":\"https:\/\/otoson.com.tr\/demo\/#\/schema\/person\/9e7b35c6992260ba3822d06e59b5546b\",\"name\":\"\u00c7\u00f6lyak Vakf\u0131\",\"image\":{\"@type\":\"ImageObject\",\"inLanguage\":\"tr\",\"@id\":\"https:\/\/otoson.com.tr\/demo\/#\/schema\/person\/image\/\",\"url\":\"https:\/\/secure.gravatar.com\/avatar\/d9c6d52721279c4d6658d18797aa9e4d6697febae500cfc164c247c41f387e6f?s=96&d=mm&r=g\",\"contentUrl\":\"https:\/\/secure.gravatar.com\/avatar\/d9c6d52721279c4d6658d18797aa9e4d6697febae500cfc164c247c41f387e6f?s=96&d=mm&r=g\",\"caption\":\"\u00c7\u00f6lyak Vakf\u0131\"},\"sameAs\":[\"http:\/\/colyakvakfi.org\",\"https:\/\/www.instagram.com\/colyakvakfi\/\"],\"url\":\"https:\/\/otoson.com.tr\/demo\/author\/admin\/\"}]}<\/script>\n<!-- \/ Yoast SEO plugin. -->","yoast_head_json":{"title":"\u00c7\u00f6lyak Vakf\u0131 ve Milli E\u011fitim Bakanl\u0131\u011f\u0131 G\u00f6r\u00fc\u015fmesi - \u00c7\u00f6lyak Vakf\u0131","description":"Milli E\u011fitim Bakanl\u0131\u011f\u0131 g\u00f6r\u00fc\u015fmesi kapsam\u0131nda okul kantinlerinde hi\u00e7 gl\u00fctensiz \u00fcr\u00fcn olmad\u0131\u011f\u0131n\u0131 bildirdik, \u00e7\u00f6z\u00fcm \u00f6nerilerini konu\u015ftuk.","robots":{"index":"index","follow":"follow","max-snippet":"max-snippet:-1","max-image-preview":"max-image-preview:large","max-video-preview":"max-video-preview:-1"},"canonical":"https:\/\/otoson.com.tr\/demo\/milli-egitim-bakanligi-gorusmesi\/","og_locale":"tr_TR","og_type":"article","og_title":"\u00c7\u00f6lyak Vakf\u0131 ve Milli E\u011fitim Bakanl\u0131\u011f\u0131 G\u00f6r\u00fc\u015fmesi - \u00c7\u00f6lyak Vakf\u0131","og_description":"Milli E\u011fitim Bakanl\u0131\u011f\u0131 g\u00f6r\u00fc\u015fmesi kapsam\u0131nda okul kantinlerinde hi\u00e7 gl\u00fctensiz \u00fcr\u00fcn olmad\u0131\u011f\u0131n\u0131 bildirdik, \u00e7\u00f6z\u00fcm \u00f6nerilerini konu\u015ftuk.","og_url":"https:\/\/otoson.com.tr\/demo\/milli-egitim-bakanligi-gorusmesi\/","og_site_name":"\u00c7\u00f6lyak Vakf\u0131","article_published_time":"2023-11-08T12:03:00+00:00","article_modified_time":"2024-04-08T12:18:29+00:00","og_image":[{"width":1425,"height":858,"url":"https:\/\/otoson.com.tr\/demo\/wp-content\/uploads\/2024\/04\/MEBGorusmesiKasim2023.png","type":"image\/png"}],"author":"\u00c7\u00f6lyak Vakf\u0131","twitter_card":"summary_large_image","twitter_creator":"@colyakvakfi","twitter_site":"@colyakvakfi","twitter_misc":{"Yazan:":"\u00c7\u00f6lyak Vakf\u0131","Tahmini okuma s\u00fcresi":"2 dakika"},"schema":{"@context":"https:\/\/schema.org","@graph":[{"@type":"Article","@id":"https:\/\/otoson.com.tr\/demo\/milli-egitim-bakanligi-gorusmesi\/#article","isPartOf":{"@id":"https:\/\/otoson.com.tr\/demo\/milli-egitim-bakanligi-gorusmesi\/"},"author":{"name":"\u00c7\u00f6lyak Vakf\u0131","@id":"https:\/\/otoson.com.tr\/demo\/#\/schema\/person\/9e7b35c6992260ba3822d06e59b5546b"},"headline":"\u00c7\u00f6lyak Vakf\u0131 ve Milli E\u011fitim Bakanl\u0131\u011f\u0131 G\u00f6r\u00fc\u015fmesi","datePublished":"2023-11-08T12:03:00+00:00","dateModified":"2024-04-08T12:18:29+00:00","mainEntityOfPage":{"@id":"https:\/\/otoson.com.tr\/demo\/milli-egitim-bakanligi-gorusmesi\/"},"wordCount":318,"publisher":{"@id":"https:\/\/otoson.com.tr\/demo\/#organization"},"image":{"@id":"https:\/\/otoson.com.tr\/demo\/milli-egitim-bakanligi-gorusmesi\/#primaryimage"},"thumbnailUrl":"https:\/\/otoson.com.tr\/demo\/wp-content\/uploads\/2024\/04\/MEBGorusmesiKasim2023.png","keywords":["\u00e7\u00f6lyak","glutensiz beslenme","kantinlerde glutensiz g\u0131da"],"articleSection":["Bakanl\u0131klar"],"inLanguage":"tr"},{"@type":"WebPage","@id":"https:\/\/otoson.com.tr\/demo\/milli-egitim-bakanligi-gorusmesi\/","url":"https:\/\/otoson.com.tr\/demo\/milli-egitim-bakanligi-gorusmesi\/","name":"\u00c7\u00f6lyak Vakf\u0131 ve Milli E\u011fitim Bakanl\u0131\u011f\u0131 G\u00f6r\u00fc\u015fmesi - \u00c7\u00f6lyak Vakf\u0131","isPartOf":{"@id":"https:\/\/otoson.com.tr\/demo\/#website"},"primaryImageOfPage":{"@id":"https:\/\/otoson.com.tr\/demo\/milli-egitim-bakanligi-gorusmesi\/#primaryimage"},"image":{"@id":"https:\/\/otoson.com.tr\/demo\/milli-egitim-bakanligi-gorusmesi\/#primaryimage"},"thumbnailUrl":"https:\/\/otoson.com.tr\/demo\/wp-content\/uploads\/2024\/04\/MEBGorusmesiKasim2023.png","datePublished":"2023-11-08T12:03:00+00:00","dateModified":"2024-04-08T12:18:29+00:00","description":"Milli E\u011fitim Bakanl\u0131\u011f\u0131 g\u00f6r\u00fc\u015fmesi kapsam\u0131nda okul kantinlerinde hi\u00e7 gl\u00fctensiz \u00fcr\u00fcn olmad\u0131\u011f\u0131n\u0131 bildirdik, \u00e7\u00f6z\u00fcm \u00f6nerilerini konu\u015ftuk.","breadcrumb":{"@id":"https:\/\/otoson.com.tr\/demo\/milli-egitim-bakanligi-gorusmesi\/#breadcrumb"},"inLanguage":"tr","potentialAction":[{"@type":"ReadAction","target":["https:\/\/otoson.com.tr\/demo\/milli-egitim-bakanligi-gorusmesi\/"]}]},{"@type":"ImageObject","inLanguage":"tr","@id":"https:\/\/otoson.com.tr\/demo\/milli-egitim-bakanligi-gorusmesi\/#primaryimage","url":"https:\/\/otoson.com.tr\/demo\/wp-content\/uploads\/2024\/04\/MEBGorusmesiKasim2023.png","contentUrl":"https:\/\/otoson.com.tr\/demo\/wp-content\/uploads\/2024\/04\/MEBGorusmesiKasim2023.png","width":1425,"height":858},{"@type":"BreadcrumbList","@id":"https:\/\/otoson.com.tr\/demo\/milli-egitim-bakanligi-gorusmesi\/#breadcrumb","itemListElement":[{"@type":"ListItem","position":1,"name":"Ana Sayfa","item":"https:\/\/otoson.com.tr\/demo\/"},{"@type":"ListItem","position":2,"name":"\u00c7\u00f6lyak Vakf\u0131 ve Milli E\u011fitim Bakanl\u0131\u011f\u0131 G\u00f6r\u00fc\u015fmesi"}]},{"@type":"WebSite","@id":"https:\/\/otoson.com.tr\/demo\/#website","url":"https:\/\/otoson.com.tr\/demo\/","name":"\u00c7\u00f6lyak Vakf\u0131","description":"Her lokmada \u00f6zg\u00fcrl\u00fck, her ad\u0131mda dayan\u0131\u015fma","publisher":{"@id":"https:\/\/otoson.com.tr\/demo\/#organization"},"potentialAction":[{"@type":"SearchAction","target":{"@type":"EntryPoint","urlTemplate":"https:\/\/otoson.com.tr\/demo\/?s={search_term_string}"},"query-input":{"@type":"PropertyValueSpecification","valueRequired":true,"valueName":"search_term_string"}}],"inLanguage":"tr"},{"@type":"Organization","@id":"https:\/\/otoson.com.tr\/demo\/#organization","name":"\u00c7\u00f6lyak Vakf\u0131","url":"https:\/\/otoson.com.tr\/demo\/","logo":{"@type":"ImageObject","inLanguage":"tr","@id":"https:\/\/otoson.com.tr\/demo\/#\/schema\/logo\/image\/","url":"https:\/\/colyakvakfi.org\/wp-content\/uploads\/2024\/03\/CVLogo.png","contentUrl":"https:\/\/colyakvakfi.org\/wp-content\/uploads\/2024\/03\/CVLogo.png","width":250,"height":250,"caption":"\u00c7\u00f6lyak Vakf\u0131"},"image":{"@id":"https:\/\/otoson.com.tr\/demo\/#\/schema\/logo\/image\/"},"sameAs":["https:\/\/x.com\/colyakvakfi","https:\/\/instagram.com\/colyakvakfi"]},{"@type":"Person","@id":"https:\/\/otoson.com.tr\/demo\/#\/schema\/person\/9e7b35c6992260ba3822d06e59b5546b","name":"\u00c7\u00f6lyak Vakf\u0131","image":{"@type":"ImageObject","inLanguage":"tr","@id":"https:\/\/otoson.com.tr\/demo\/#\/schema\/person\/image\/","url":"https:\/\/secure.gravatar.com\/avatar\/d9c6d52721279c4d6658d18797aa9e4d6697febae500cfc164c247c41f387e6f?s=96&d=mm&r=g","contentUrl":"https:\/\/secure.gravatar.com\/avatar\/d9c6d52721279c4d6658d18797aa9e4d6697febae500cfc164c247c41f387e6f?s=96&d=mm&r=g","caption":"\u00c7\u00f6lyak Vakf\u0131"},"sameAs":["http:\/\/colyakvakfi.org","https:\/\/www.instagram.com\/colyakvakfi\/"],"url":"https:\/\/otoson.com.tr\/demo\/author\/admin\/"}]}},"_links":{"self":[{"href":"https:\/\/otoson.com.tr\/demo\/wp-json\/wp\/v2\/posts\/1083","targetHints":{"allow":["GET"]}}],"collection":[{"href":"https:\/\/otoson.com.tr\/demo\/wp-json\/wp\/v2\/posts"}],"about":[{"href":"https:\/\/otoson.com.tr\/demo\/wp-json\/wp\/v2\/types\/post"}],"author":[{"embeddable":true,"href":"https:\/\/otoson.com.tr\/demo\/wp-json\/wp\/v2\/users\/1"}],"replies":[{"embeddable":true,"href":"https:\/\/otoson.com.tr\/demo\/wp-json\/wp\/v2\/comments?post=1083"}],"version-history":[{"count":1,"href":"https:\/\/otoson.com.tr\/demo\/wp-json\/wp\/v2\/posts\/1083\/revisions"}],"predecessor-version":[{"id":1085,"href":"https:\/\/otoson.com.tr\/demo\/wp-json\/wp\/v2\/posts\/1083\/revisions\/1085"}],"wp:featuredmedia":[{"embeddable":true,"href":"https:\/\/otoson.com.tr\/demo\/wp-json\/wp\/v2\/media\/1084"}],"wp:attachment":[{"href":"https:\/\/otoson.com.tr\/demo\/wp-json\/wp\/v2\/media?parent=1083"}],"wp:term":[{"taxonomy":"category","embeddable":true,"href":"https:\/\/otoson.com.tr\/demo\/wp-json\/wp\/v2\/categories?post=1083"},{"taxonomy":"post_tag","embeddable":true,"href":"https:\/\/otoson.com.tr\/demo\/wp-json\/wp\/v2\/tags?post=1083"}],"curies":[{"name":"wp","href":"https:\/\/api.w.org\/{rel}","templated":true}]}}