{"id":1107,"date":"2023-12-14T18:28:00","date_gmt":"2023-12-14T15:28:00","guid":{"rendered":"https:\/\/colyakvakfi.org\/?p=1107"},"modified":"2024-04-17T12:13:04","modified_gmt":"2024-04-17T09:13:04","slug":"beltur-glutensiz-lezzetler-karavani","status":"publish","type":"post","link":"https:\/\/otoson.com.tr\/demo\/beltur-glutensiz-lezzetler-karavani\/","title":{"rendered":"Beltur Glutensiz Lezzetler Karavan\u0131"},"content":{"rendered":"\n<p>Beltur&nbsp;<a href=\"https:\/\/www.instagram.com\/beltur.istanbul\/\">@beltur.istanbul<\/a>&nbsp;ve \u00c7\u00f6lyak Vakf\u0131 olarak, \u00e7\u00f6lyak hastalar\u0131n\u0131n en b\u00fcy\u00fck ihtiya\u00e7lar\u0131ndan biri olan gl\u00fctensiz \u00fcr\u00fcnlere eri\u015fimi kolayla\u015ft\u0131rmak amac\u0131yla bir araya geldi\u011fimiz \u201cGl\u00fctensiz Lezzetler Projesi\u201dnde sona gelindi.<\/p>\n\n\n\n<p>Gl\u00fctensiz Lezzetler Karavan\u0131, ilk durak Caddebostan Beltur daha sonra Bak\u0131rk\u00f6y Beltur yan\u0131nda hizmete girmi\u015ftir. Gl\u00fctensiz karavanlar pazartesi g\u00fcn\u00fc hari\u00e7 t\u00fcm g\u00fcnler saat 11:00 ile 19:00 aras\u0131nda hizmet vermektedir\u00a0<\/p>\n\n\n\n<p>T\u00fcm \u0130stanbullulara duyurulur \ud83c\udf89<\/p>\n","protected":false},"excerpt":{"rendered":"<p>Beltur&nbsp;@beltur.istanbul&nbsp;ve \u00c7\u00f6lyak Vakf\u0131 olarak, \u00e7\u00f6lyak hastalar\u0131n\u0131n en b\u00fcy\u00fck ihtiya\u00e7lar\u0131ndan biri olan gl\u00fctensiz \u00fcr\u00fcnlere eri\u015fimi kolayla\u015ft\u0131rmak amac\u0131yla bir araya geldi\u011fimiz \u201cGl\u00fctensiz Lezzetler Projesi\u201dnde sona gelindi. Gl\u00fctensiz Lezzetler Karavan\u0131, ilk durak Caddebostan&hellip;<\/p>\n","protected":false},"author":1,"featured_media":1108,"comment_status":"closed","ping_status":"open","sticky":false,"template":"","format":"standard","meta":{"give_campaign_id":0,"_lmt_disableupdate":"","_lmt_disable":"","footnotes":""},"categories":[25,54],"tags":[34,19,20,35],"class_list":["post-1107","post","type-post","status-publish","format-standard","has-post-thumbnail","hentry","category-belediyeler","category-kazanimlarimiz","tag-beltur","tag-colyak","tag-glutensiz-beslenme","tag-glutensiz-lezzetler-karavani"],"yoast_head":"<!-- This site is optimized with the Yoast SEO plugin v24.9 - https:\/\/yoast.com\/wordpress\/plugins\/seo\/ -->\n<title>Beltur Glutensiz Lezzetler Karavan\u0131 - \u00c7\u00f6lyak Vakf\u0131<\/title>\n<meta name=\"description\" content=\"Beltur ve \u00c7\u00f6lyak Vakf\u0131 olarak projelendirdi\u011fimiz Gl\u00fctensiz Lezzetler Karavan\u0131, Caddebostan Beltur yan\u0131nda hizmete girmi\u015ftir.\" \/>\n<meta name=\"robots\" content=\"index, follow, max-snippet:-1, max-image-preview:large, max-video-preview:-1\" \/>\n<link rel=\"canonical\" href=\"https:\/\/otoson.com.tr\/demo\/beltur-glutensiz-lezzetler-karavani\/\" \/>\n<meta property=\"og:locale\" content=\"tr_TR\" \/>\n<meta property=\"og:type\" content=\"article\" \/>\n<meta property=\"og:title\" content=\"Beltur Glutensiz Lezzetler Karavan\u0131 - \u00c7\u00f6lyak Vakf\u0131\" \/>\n<meta property=\"og:description\" content=\"Beltur ve \u00c7\u00f6lyak Vakf\u0131 olarak projelendirdi\u011fimiz Gl\u00fctensiz Lezzetler Karavan\u0131, Caddebostan Beltur yan\u0131nda hizmete girmi\u015ftir.\" \/>\n<meta property=\"og:url\" content=\"https:\/\/otoson.com.tr\/demo\/beltur-glutensiz-lezzetler-karavani\/\" \/>\n<meta property=\"og:site_name\" content=\"\u00c7\u00f6lyak Vakf\u0131\" \/>\n<meta property=\"article:published_time\" content=\"2023-12-14T15:28:00+00:00\" \/>\n<meta property=\"article:modified_time\" content=\"2024-04-17T09:13:04+00:00\" \/>\n<meta property=\"og:image\" content=\"https:\/\/otoson.com.tr\/demo\/wp-content\/uploads\/2024\/04\/glutensizLezzetlerKaravani-e1712652600456.png\" \/>\n\t<meta property=\"og:image:width\" content=\"716\" \/>\n\t<meta property=\"og:image:height\" content=\"493\" \/>\n\t<meta property=\"og:image:type\" content=\"image\/png\" \/>\n<meta name=\"author\" content=\"\u00c7\u00f6lyak Vakf\u0131\" \/>\n<meta name=\"twitter:card\" content=\"summary_large_image\" \/>\n<meta name=\"twitter:creator\" content=\"@colyakvakfi\" \/>\n<meta name=\"twitter:site\" content=\"@colyakvakfi\" \/>\n<meta name=\"twitter:label1\" content=\"Yazan:\" \/>\n\t<meta name=\"twitter:data1\" content=\"\u00c7\u00f6lyak Vakf\u0131\" \/>\n\t<meta name=\"twitter:label2\" content=\"Tahmini okuma s\u00fcresi\" \/>\n\t<meta name=\"twitter:data2\" content=\"1 dakika\" \/>\n<script type=\"application\/ld+json\" class=\"yoast-schema-graph\">{\"@context\":\"https:\/\/schema.org\",\"@graph\":[{\"@type\":\"Article\",\"@id\":\"https:\/\/otoson.com.tr\/demo\/beltur-glutensiz-lezzetler-karavani\/#article\",\"isPartOf\":{\"@id\":\"https:\/\/otoson.com.tr\/demo\/beltur-glutensiz-lezzetler-karavani\/\"},\"author\":{\"name\":\"\u00c7\u00f6lyak Vakf\u0131\",\"@id\":\"https:\/\/otoson.com.tr\/demo\/#\/schema\/person\/9e7b35c6992260ba3822d06e59b5546b\"},\"headline\":\"Beltur Glutensiz Lezzetler Karavan\u0131\",\"datePublished\":\"2023-12-14T15:28:00+00:00\",\"dateModified\":\"2024-04-17T09:13:04+00:00\",\"mainEntityOfPage\":{\"@id\":\"https:\/\/otoson.com.tr\/demo\/beltur-glutensiz-lezzetler-karavani\/\"},\"wordCount\":88,\"publisher\":{\"@id\":\"https:\/\/otoson.com.tr\/demo\/#organization\"},\"image\":{\"@id\":\"https:\/\/otoson.com.tr\/demo\/beltur-glutensiz-lezzetler-karavani\/#primaryimage\"},\"thumbnailUrl\":\"https:\/\/otoson.com.tr\/demo\/wp-content\/uploads\/2024\/04\/glutensizLezzetlerKaravani-e1712652600456.png\",\"keywords\":[\"beltur\",\"\u00e7\u00f6lyak\",\"glutensiz beslenme\",\"Glutensiz Lezzetler Karavan\u0131\"],\"articleSection\":[\"Belediyeler\",\"Kazan\u0131mlar\u0131m\u0131z\"],\"inLanguage\":\"tr\"},{\"@type\":\"WebPage\",\"@id\":\"https:\/\/otoson.com.tr\/demo\/beltur-glutensiz-lezzetler-karavani\/\",\"url\":\"https:\/\/otoson.com.tr\/demo\/beltur-glutensiz-lezzetler-karavani\/\",\"name\":\"Beltur Glutensiz Lezzetler Karavan\u0131 - \u00c7\u00f6lyak Vakf\u0131\",\"isPartOf\":{\"@id\":\"https:\/\/otoson.com.tr\/demo\/#website\"},\"primaryImageOfPage\":{\"@id\":\"https:\/\/otoson.com.tr\/demo\/beltur-glutensiz-lezzetler-karavani\/#primaryimage\"},\"image\":{\"@id\":\"https:\/\/otoson.com.tr\/demo\/beltur-glutensiz-lezzetler-karavani\/#primaryimage\"},\"thumbnailUrl\":\"https:\/\/otoson.com.tr\/demo\/wp-content\/uploads\/2024\/04\/glutensizLezzetlerKaravani-e1712652600456.png\",\"datePublished\":\"2023-12-14T15:28:00+00:00\",\"dateModified\":\"2024-04-17T09:13:04+00:00\",\"description\":\"Beltur ve \u00c7\u00f6lyak Vakf\u0131 olarak projelendirdi\u011fimiz Gl\u00fctensiz Lezzetler Karavan\u0131, Caddebostan Beltur yan\u0131nda hizmete girmi\u015ftir.\",\"breadcrumb\":{\"@id\":\"https:\/\/otoson.com.tr\/demo\/beltur-glutensiz-lezzetler-karavani\/#breadcrumb\"},\"inLanguage\":\"tr\",\"potentialAction\":[{\"@type\":\"ReadAction\",\"target\":[\"https:\/\/otoson.com.tr\/demo\/beltur-glutensiz-lezzetler-karavani\/\"]}]},{\"@type\":\"ImageObject\",\"inLanguage\":\"tr\",\"@id\":\"https:\/\/otoson.com.tr\/demo\/beltur-glutensiz-lezzetler-karavani\/#primaryimage\",\"url\":\"https:\/\/otoson.com.tr\/demo\/wp-content\/uploads\/2024\/04\/glutensizLezzetlerKaravani-e1712652600456.png\",\"contentUrl\":\"https:\/\/otoson.com.tr\/demo\/wp-content\/uploads\/2024\/04\/glutensizLezzetlerKaravani-e1712652600456.png\",\"width\":716,\"height\":493},{\"@type\":\"BreadcrumbList\",\"@id\":\"https:\/\/otoson.com.tr\/demo\/beltur-glutensiz-lezzetler-karavani\/#breadcrumb\",\"itemListElement\":[{\"@type\":\"ListItem\",\"position\":1,\"name\":\"Ana Sayfa\",\"item\":\"https:\/\/otoson.com.tr\/demo\/\"},{\"@type\":\"ListItem\",\"position\":2,\"name\":\"Beltur Glutensiz Lezzetler Karavan\u0131\"}]},{\"@type\":\"WebSite\",\"@id\":\"https:\/\/otoson.com.tr\/demo\/#website\",\"url\":\"https:\/\/otoson.com.tr\/demo\/\",\"name\":\"\u00c7\u00f6lyak Vakf\u0131\",\"description\":\"Her lokmada \u00f6zg\u00fcrl\u00fck, her ad\u0131mda dayan\u0131\u015fma\",\"publisher\":{\"@id\":\"https:\/\/otoson.com.tr\/demo\/#organization\"},\"potentialAction\":[{\"@type\":\"SearchAction\",\"target\":{\"@type\":\"EntryPoint\",\"urlTemplate\":\"https:\/\/otoson.com.tr\/demo\/?s={search_term_string}\"},\"query-input\":{\"@type\":\"PropertyValueSpecification\",\"valueRequired\":true,\"valueName\":\"search_term_string\"}}],\"inLanguage\":\"tr\"},{\"@type\":\"Organization\",\"@id\":\"https:\/\/otoson.com.tr\/demo\/#organization\",\"name\":\"\u00c7\u00f6lyak Vakf\u0131\",\"url\":\"https:\/\/otoson.com.tr\/demo\/\",\"logo\":{\"@type\":\"ImageObject\",\"inLanguage\":\"tr\",\"@id\":\"https:\/\/otoson.com.tr\/demo\/#\/schema\/logo\/image\/\",\"url\":\"https:\/\/colyakvakfi.org\/wp-content\/uploads\/2024\/03\/CVLogo.png\",\"contentUrl\":\"https:\/\/colyakvakfi.org\/wp-content\/uploads\/2024\/03\/CVLogo.png\",\"width\":250,\"height\":250,\"caption\":\"\u00c7\u00f6lyak Vakf\u0131\"},\"image\":{\"@id\":\"https:\/\/otoson.com.tr\/demo\/#\/schema\/logo\/image\/\"},\"sameAs\":[\"https:\/\/x.com\/colyakvakfi\",\"https:\/\/instagram.com\/colyakvakfi\"]},{\"@type\":\"Person\",\"@id\":\"https:\/\/otoson.com.tr\/demo\/#\/schema\/person\/9e7b35c6992260ba3822d06e59b5546b\",\"name\":\"\u00c7\u00f6lyak Vakf\u0131\",\"image\":{\"@type\":\"ImageObject\",\"inLanguage\":\"tr\",\"@id\":\"https:\/\/otoson.com.tr\/demo\/#\/schema\/person\/image\/\",\"url\":\"https:\/\/secure.gravatar.com\/avatar\/d9c6d52721279c4d6658d18797aa9e4d6697febae500cfc164c247c41f387e6f?s=96&d=mm&r=g\",\"contentUrl\":\"https:\/\/secure.gravatar.com\/avatar\/d9c6d52721279c4d6658d18797aa9e4d6697febae500cfc164c247c41f387e6f?s=96&d=mm&r=g\",\"caption\":\"\u00c7\u00f6lyak Vakf\u0131\"},\"sameAs\":[\"http:\/\/colyakvakfi.org\",\"https:\/\/www.instagram.com\/colyakvakfi\/\"],\"url\":\"https:\/\/otoson.com.tr\/demo\/author\/admin\/\"}]}<\/script>\n<!-- \/ Yoast SEO plugin. -->","yoast_head_json":{"title":"Beltur Glutensiz Lezzetler Karavan\u0131 - \u00c7\u00f6lyak Vakf\u0131","description":"Beltur ve \u00c7\u00f6lyak Vakf\u0131 olarak projelendirdi\u011fimiz Gl\u00fctensiz Lezzetler Karavan\u0131, Caddebostan Beltur yan\u0131nda hizmete girmi\u015ftir.","robots":{"index":"index","follow":"follow","max-snippet":"max-snippet:-1","max-image-preview":"max-image-preview:large","max-video-preview":"max-video-preview:-1"},"canonical":"https:\/\/otoson.com.tr\/demo\/beltur-glutensiz-lezzetler-karavani\/","og_locale":"tr_TR","og_type":"article","og_title":"Beltur Glutensiz Lezzetler Karavan\u0131 - \u00c7\u00f6lyak Vakf\u0131","og_description":"Beltur ve \u00c7\u00f6lyak Vakf\u0131 olarak projelendirdi\u011fimiz Gl\u00fctensiz Lezzetler Karavan\u0131, Caddebostan Beltur yan\u0131nda hizmete girmi\u015ftir.","og_url":"https:\/\/otoson.com.tr\/demo\/beltur-glutensiz-lezzetler-karavani\/","og_site_name":"\u00c7\u00f6lyak Vakf\u0131","article_published_time":"2023-12-14T15:28:00+00:00","article_modified_time":"2024-04-17T09:13:04+00:00","og_image":[{"width":716,"height":493,"url":"https:\/\/otoson.com.tr\/demo\/wp-content\/uploads\/2024\/04\/glutensizLezzetlerKaravani-e1712652600456.png","type":"image\/png"}],"author":"\u00c7\u00f6lyak Vakf\u0131","twitter_card":"summary_large_image","twitter_creator":"@colyakvakfi","twitter_site":"@colyakvakfi","twitter_misc":{"Yazan:":"\u00c7\u00f6lyak Vakf\u0131","Tahmini okuma s\u00fcresi":"1 dakika"},"schema":{"@context":"https:\/\/schema.org","@graph":[{"@type":"Article","@id":"https:\/\/otoson.com.tr\/demo\/beltur-glutensiz-lezzetler-karavani\/#article","isPartOf":{"@id":"https:\/\/otoson.com.tr\/demo\/beltur-glutensiz-lezzetler-karavani\/"},"author":{"name":"\u00c7\u00f6lyak Vakf\u0131","@id":"https:\/\/otoson.com.tr\/demo\/#\/schema\/person\/9e7b35c6992260ba3822d06e59b5546b"},"headline":"Beltur Glutensiz Lezzetler Karavan\u0131","datePublished":"2023-12-14T15:28:00+00:00","dateModified":"2024-04-17T09:13:04+00:00","mainEntityOfPage":{"@id":"https:\/\/otoson.com.tr\/demo\/beltur-glutensiz-lezzetler-karavani\/"},"wordCount":88,"publisher":{"@id":"https:\/\/otoson.com.tr\/demo\/#organization"},"image":{"@id":"https:\/\/otoson.com.tr\/demo\/beltur-glutensiz-lezzetler-karavani\/#primaryimage"},"thumbnailUrl":"https:\/\/otoson.com.tr\/demo\/wp-content\/uploads\/2024\/04\/glutensizLezzetlerKaravani-e1712652600456.png","keywords":["beltur","\u00e7\u00f6lyak","glutensiz beslenme","Glutensiz Lezzetler Karavan\u0131"],"articleSection":["Belediyeler","Kazan\u0131mlar\u0131m\u0131z"],"inLanguage":"tr"},{"@type":"WebPage","@id":"https:\/\/otoson.com.tr\/demo\/beltur-glutensiz-lezzetler-karavani\/","url":"https:\/\/otoson.com.tr\/demo\/beltur-glutensiz-lezzetler-karavani\/","name":"Beltur Glutensiz Lezzetler Karavan\u0131 - \u00c7\u00f6lyak Vakf\u0131","isPartOf":{"@id":"https:\/\/otoson.com.tr\/demo\/#website"},"primaryImageOfPage":{"@id":"https:\/\/otoson.com.tr\/demo\/beltur-glutensiz-lezzetler-karavani\/#primaryimage"},"image":{"@id":"https:\/\/otoson.com.tr\/demo\/beltur-glutensiz-lezzetler-karavani\/#primaryimage"},"thumbnailUrl":"https:\/\/otoson.com.tr\/demo\/wp-content\/uploads\/2024\/04\/glutensizLezzetlerKaravani-e1712652600456.png","datePublished":"2023-12-14T15:28:00+00:00","dateModified":"2024-04-17T09:13:04+00:00","description":"Beltur ve \u00c7\u00f6lyak Vakf\u0131 olarak projelendirdi\u011fimiz Gl\u00fctensiz Lezzetler Karavan\u0131, Caddebostan Beltur yan\u0131nda hizmete girmi\u015ftir.","breadcrumb":{"@id":"https:\/\/otoson.com.tr\/demo\/beltur-glutensiz-lezzetler-karavani\/#breadcrumb"},"inLanguage":"tr","potentialAction":[{"@type":"ReadAction","target":["https:\/\/otoson.com.tr\/demo\/beltur-glutensiz-lezzetler-karavani\/"]}]},{"@type":"ImageObject","inLanguage":"tr","@id":"https:\/\/otoson.com.tr\/demo\/beltur-glutensiz-lezzetler-karavani\/#primaryimage","url":"https:\/\/otoson.com.tr\/demo\/wp-content\/uploads\/2024\/04\/glutensizLezzetlerKaravani-e1712652600456.png","contentUrl":"https:\/\/otoson.com.tr\/demo\/wp-content\/uploads\/2024\/04\/glutensizLezzetlerKaravani-e1712652600456.png","width":716,"height":493},{"@type":"BreadcrumbList","@id":"https:\/\/otoson.com.tr\/demo\/beltur-glutensiz-lezzetler-karavani\/#breadcrumb","itemListElement":[{"@type":"ListItem","position":1,"name":"Ana Sayfa","item":"https:\/\/otoson.com.tr\/demo\/"},{"@type":"ListItem","position":2,"name":"Beltur Glutensiz Lezzetler Karavan\u0131"}]},{"@type":"WebSite","@id":"https:\/\/otoson.com.tr\/demo\/#website","url":"https:\/\/otoson.com.tr\/demo\/","name":"\u00c7\u00f6lyak Vakf\u0131","description":"Her lokmada \u00f6zg\u00fcrl\u00fck, her ad\u0131mda dayan\u0131\u015fma","publisher":{"@id":"https:\/\/otoson.com.tr\/demo\/#organization"},"potentialAction":[{"@type":"SearchAction","target":{"@type":"EntryPoint","urlTemplate":"https:\/\/otoson.com.tr\/demo\/?s={search_term_string}"},"query-input":{"@type":"PropertyValueSpecification","valueRequired":true,"valueName":"search_term_string"}}],"inLanguage":"tr"},{"@type":"Organization","@id":"https:\/\/otoson.com.tr\/demo\/#organization","name":"\u00c7\u00f6lyak Vakf\u0131","url":"https:\/\/otoson.com.tr\/demo\/","logo":{"@type":"ImageObject","inLanguage":"tr","@id":"https:\/\/otoson.com.tr\/demo\/#\/schema\/logo\/image\/","url":"https:\/\/colyakvakfi.org\/wp-content\/uploads\/2024\/03\/CVLogo.png","contentUrl":"https:\/\/colyakvakfi.org\/wp-content\/uploads\/2024\/03\/CVLogo.png","width":250,"height":250,"caption":"\u00c7\u00f6lyak Vakf\u0131"},"image":{"@id":"https:\/\/otoson.com.tr\/demo\/#\/schema\/logo\/image\/"},"sameAs":["https:\/\/x.com\/colyakvakfi","https:\/\/instagram.com\/colyakvakfi"]},{"@type":"Person","@id":"https:\/\/otoson.com.tr\/demo\/#\/schema\/person\/9e7b35c6992260ba3822d06e59b5546b","name":"\u00c7\u00f6lyak Vakf\u0131","image":{"@type":"ImageObject","inLanguage":"tr","@id":"https:\/\/otoson.com.tr\/demo\/#\/schema\/person\/image\/","url":"https:\/\/secure.gravatar.com\/avatar\/d9c6d52721279c4d6658d18797aa9e4d6697febae500cfc164c247c41f387e6f?s=96&d=mm&r=g","contentUrl":"https:\/\/secure.gravatar.com\/avatar\/d9c6d52721279c4d6658d18797aa9e4d6697febae500cfc164c247c41f387e6f?s=96&d=mm&r=g","caption":"\u00c7\u00f6lyak Vakf\u0131"},"sameAs":["http:\/\/colyakvakfi.org","https:\/\/www.instagram.com\/colyakvakfi\/"],"url":"https:\/\/otoson.com.tr\/demo\/author\/admin\/"}]}},"_links":{"self":[{"href":"https:\/\/otoson.com.tr\/demo\/wp-json\/wp\/v2\/posts\/1107","targetHints":{"allow":["GET"]}}],"collection":[{"href":"https:\/\/otoson.com.tr\/demo\/wp-json\/wp\/v2\/posts"}],"about":[{"href":"https:\/\/otoson.com.tr\/demo\/wp-json\/wp\/v2\/types\/post"}],"author":[{"embeddable":true,"href":"https:\/\/otoson.com.tr\/demo\/wp-json\/wp\/v2\/users\/1"}],"replies":[{"embeddable":true,"href":"https:\/\/otoson.com.tr\/demo\/wp-json\/wp\/v2\/comments?post=1107"}],"version-history":[{"count":2,"href":"https:\/\/otoson.com.tr\/demo\/wp-json\/wp\/v2\/posts\/1107\/revisions"}],"predecessor-version":[{"id":1150,"href":"https:\/\/otoson.com.tr\/demo\/wp-json\/wp\/v2\/posts\/1107\/revisions\/1150"}],"wp:featuredmedia":[{"embeddable":true,"href":"https:\/\/otoson.com.tr\/demo\/wp-json\/wp\/v2\/media\/1108"}],"wp:attachment":[{"href":"https:\/\/otoson.com.tr\/demo\/wp-json\/wp\/v2\/media?parent=1107"}],"wp:term":[{"taxonomy":"category","embeddable":true,"href":"https:\/\/otoson.com.tr\/demo\/wp-json\/wp\/v2\/categories?post=1107"},{"taxonomy":"post_tag","embeddable":true,"href":"https:\/\/otoson.com.tr\/demo\/wp-json\/wp\/v2\/tags?post=1107"}],"curies":[{"name":"wp","href":"https:\/\/api.w.org\/{rel}","templated":true}]}}