{"id":1127,"date":"2024-01-10T19:14:00","date_gmt":"2024-01-10T16:14:00","guid":{"rendered":"https:\/\/colyakvakfi.org\/?p=1127"},"modified":"2024-04-09T11:32:13","modified_gmt":"2024-04-09T08:32:13","slug":"glutensiz-reyon-resmi-gazetede","status":"publish","type":"post","link":"https:\/\/otoson.com.tr\/demo\/glutensiz-reyon-resmi-gazetede\/","title":{"rendered":"Glutensiz Reyon Resmi Gazete&#8217;de"},"content":{"rendered":"\n<p>07.11.2023 tarihinde Ticaret Bakanl\u0131\u011f\u0131 \u0130\u00e7 Ticaret Genel M\u00fcd\u00fcr\u00fc Say\u0131n Adem Ba\u015far ve Perakende Ticaret Dairesi Ba\u015fkan\u0131 Say\u0131n Burak Kaplan ile g\u00f6r\u00fc\u015fmemiz olmu\u015ftu. Bu g\u00f6r\u00fc\u015fmede, b\u00fcy\u00fck zincir marketlerde gl\u00fctensiz reyon olmad\u0131\u011f\u0131, \u00f6nemli zincir marketlerde bir paket gl\u00fctensiz ekme\u011fe dahi ula\u015famad\u0131\u011f\u0131m\u0131z\u0131 ve \u00e7\u00f6lyak hastalar\u0131n\u0131n \u00fcr\u00fcnlere eri\u015fimdeki s\u0131k\u0131nt\u0131lar\u0131n\u0131 iletmi\u015ftik.<br>\u0130htiya\u00e7lar\u0131m\u0131za ve taleplerimize b\u00fcy\u00fck bir ilgiyle yakla\u015fan Bakanl\u0131k yetkilileri Vakf\u0131m\u0131za ve \u00c7\u00f6lyakl\u0131lara y\u00f6nelik bir s\u00fcrprizle 14.12.2023 tarihinde Resmi Gazetede gl\u00fctensiz \u00fcr\u00fcnlerin bulundurulmas\u0131na ili\u015fkin bir y\u00f6netmelik yay\u0131nlad\u0131lar.<\/p>\n\n\n\n<p>1 Ocak 2024 tarihinden itibaren y\u00fcr\u00fcrl\u00fc\u011fe girecek Perakende Ticaretinde Uygulanacak \u0130lke ve Kurallar y\u00f6netmeli\u011fi \u00e7\u00f6lyakl\u0131lar\u0131n gl\u00fctensiz \u00fcr\u00fcnlere eri\u015fimlerini hedefledi. Bu kapsamda, \u015fube say\u0131s\u0131 200\u2019den fazla olan zincir ma\u011fazalara, 250 metrekareden fazla sat\u0131\u015f alan\u0131na sahip \u015fubelerinde uygulanmak \u00fczere, t\u0131bbi beslenme tedavisi gerektiren hastal\u0131klara y\u00f6nelik g\u0131da \u00fcr\u00fcn\u00fc sat\u0131\u015f y\u00fck\u00fcml\u00fcl\u00fc\u011f\u00fc getirildi.<\/p>\n\n\n\n<p>14.12.2023 tarihinde Resmi Gazete ilan\u0131n\u0131n akabinde \u0130\u00e7 Ticaret Genel M\u00fcd\u00fcr\u00fc Say\u0131n Adem Bey\u2019e makam\u0131nda te\u015fekk\u00fcr ziyaretinde bulunduk. \u00c7\u00f6lyakl\u0131lar i\u00e7in gl\u00fctensiz \u00fcr\u00fcne eri\u015fimin \u00f6n\u00fcn\u00fc a\u00e7an bu k\u0131ymetli y\u00f6netmeli\u011fi resmi gazetede duyurulmas\u0131 y\u00f6n\u00fcnde \u00e7al\u0131\u015fmalar\u0131 y\u00fcr\u00fcten Say\u0131n Adem Bey\u2019e \u00c7\u00f6lyak Vakf\u0131 ve t\u00fcm \u00e7\u00f6lyakl\u0131lar ad\u0131na minnet ve sayg\u0131lar\u0131m\u0131z\u0131 sunar\u0131z.<\/p>\n\n\n\n<p>10 Ocak 2024 tarihinde Ticaret Bakanl\u0131\u011f\u0131 ile yapt\u0131\u011f\u0131m\u0131z g\u00f6r\u00fc\u015fmeler sonucunda elde etti\u011fimiz bilgilere g\u00f6re, T\u00fcrkiye genelinde yakla\u015f\u0131k 50 bin market bulunmaktad\u0131r. 14 Aral\u0131k 2023 tarihinde yay\u0131nlanan y\u00f6netmelik, 200&#8217;den fazla olan zincir ma\u011fazalara ve 250 metrekare \u00fczeri sat\u0131\u015f alan\u0131na sahip \u015fubelere glutensiz \u00fcr\u00fcn bulundurma zorunlulu\u011fu getirmi\u015ftir. Bu kapsamda, T\u00fcrkiye genelinde yakla\u015f\u0131k 26 bin market bulunmaktad\u0131r.<\/p>\n\n\n\n<p>Bu durum, T\u00fcrkiye&#8217;deki marketlerin yar\u0131s\u0131ndan fazlas\u0131nda glutensiz \u00fcr\u00fcnleri bulundurma zorunlulu\u011fu oldu\u011fu anlam\u0131na gelmektedir.<\/p>\n\n\n\n<p>Ticaret Bakanl\u0131\u011f\u0131, s\u00fcre\u00e7le ilgili \u00e7al\u0131\u015fmalar\u0131n\u0131 s\u00fcrd\u00fcrmekte olup, t\u00fcm s\u00fcre\u00e7lerin Ocak ay\u0131 sonuna kadar tamamlanmas\u0131 ve glutensiz \u00fcr\u00fcnlerin marketlerde yer almas\u0131 planlanmaktad\u0131r.<\/p>\n","protected":false},"excerpt":{"rendered":"<p>07.11.2023 tarihinde Ticaret Bakanl\u0131\u011f\u0131 \u0130\u00e7 Ticaret Genel M\u00fcd\u00fcr\u00fc Say\u0131n Adem Ba\u015far ve Perakende Ticaret Dairesi Ba\u015fkan\u0131 Say\u0131n Burak Kaplan ile g\u00f6r\u00fc\u015fmemiz olmu\u015ftu. Bu g\u00f6r\u00fc\u015fmede, b\u00fcy\u00fck zincir marketlerde gl\u00fctensiz reyon olmad\u0131\u011f\u0131,&hellip;<\/p>\n","protected":false},"author":1,"featured_media":1128,"comment_status":"closed","ping_status":"open","sticky":false,"template":"","format":"standard","meta":{"give_campaign_id":0,"_lmt_disableupdate":"","_lmt_disable":"","footnotes":""},"categories":[24],"tags":[19,42,41,33],"class_list":["post-1127","post","type-post","status-publish","format-standard","has-post-thumbnail","hentry","category-bakanliklar","tag-colyak","tag-resmi-gazete","tag-ticaret-bakanligi","tag-zincir-marketlerde-glutensiz-reyon"],"yoast_head":"<!-- This site is optimized with the Yoast SEO plugin v24.9 - https:\/\/yoast.com\/wordpress\/plugins\/seo\/ -->\n<title>Glutensiz Reyon Resmi Gazete&#039;de - \u00c7\u00f6lyak Vakf\u0131<\/title>\n<meta name=\"description\" content=\"Zincir marketlerde glutensiz reyonlara zorunluluk getiren g\u0131da \u00fcr\u00fcn\u00fc sat\u0131\u015f y\u00fck\u00fcml\u00fcl\u00fc\u011f\u00fc Resmi Gazete&#039;de yay\u0131nland\u0131.\" \/>\n<meta name=\"robots\" content=\"index, follow, max-snippet:-1, max-image-preview:large, max-video-preview:-1\" \/>\n<link rel=\"canonical\" href=\"https:\/\/otoson.com.tr\/demo\/glutensiz-reyon-resmi-gazetede\/\" \/>\n<meta property=\"og:locale\" content=\"tr_TR\" \/>\n<meta property=\"og:type\" content=\"article\" \/>\n<meta property=\"og:title\" content=\"Glutensiz Reyon Resmi Gazete&#039;de - \u00c7\u00f6lyak Vakf\u0131\" \/>\n<meta property=\"og:description\" content=\"Zincir marketlerde glutensiz reyonlara zorunluluk getiren g\u0131da \u00fcr\u00fcn\u00fc sat\u0131\u015f y\u00fck\u00fcml\u00fcl\u00fc\u011f\u00fc Resmi Gazete&#039;de yay\u0131nland\u0131.\" \/>\n<meta property=\"og:url\" content=\"https:\/\/otoson.com.tr\/demo\/glutensiz-reyon-resmi-gazetede\/\" \/>\n<meta property=\"og:site_name\" content=\"\u00c7\u00f6lyak Vakf\u0131\" \/>\n<meta property=\"article:published_time\" content=\"2024-01-10T16:14:00+00:00\" \/>\n<meta property=\"article:modified_time\" content=\"2024-04-09T08:32:13+00:00\" \/>\n<meta property=\"og:image\" content=\"https:\/\/otoson.com.tr\/demo\/wp-content\/uploads\/2024\/04\/GlutensizReyonResmiGazete.png\" \/>\n\t<meta property=\"og:image:width\" content=\"862\" \/>\n\t<meta property=\"og:image:height\" content=\"639\" \/>\n\t<meta property=\"og:image:type\" content=\"image\/png\" \/>\n<meta name=\"author\" content=\"\u00c7\u00f6lyak Vakf\u0131\" \/>\n<meta name=\"twitter:card\" content=\"summary_large_image\" \/>\n<meta name=\"twitter:creator\" content=\"@colyakvakfi\" \/>\n<meta name=\"twitter:site\" content=\"@colyakvakfi\" \/>\n<meta name=\"twitter:label1\" content=\"Yazan:\" \/>\n\t<meta name=\"twitter:data1\" content=\"\u00c7\u00f6lyak Vakf\u0131\" \/>\n\t<meta name=\"twitter:label2\" content=\"Tahmini okuma s\u00fcresi\" \/>\n\t<meta name=\"twitter:data2\" content=\"2 dakika\" \/>\n<script type=\"application\/ld+json\" class=\"yoast-schema-graph\">{\"@context\":\"https:\/\/schema.org\",\"@graph\":[{\"@type\":\"Article\",\"@id\":\"https:\/\/otoson.com.tr\/demo\/glutensiz-reyon-resmi-gazetede\/#article\",\"isPartOf\":{\"@id\":\"https:\/\/otoson.com.tr\/demo\/glutensiz-reyon-resmi-gazetede\/\"},\"author\":{\"name\":\"\u00c7\u00f6lyak Vakf\u0131\",\"@id\":\"https:\/\/otoson.com.tr\/demo\/#\/schema\/person\/9e7b35c6992260ba3822d06e59b5546b\"},\"headline\":\"Glutensiz Reyon Resmi Gazete&#8217;de\",\"datePublished\":\"2024-01-10T16:14:00+00:00\",\"dateModified\":\"2024-04-09T08:32:13+00:00\",\"mainEntityOfPage\":{\"@id\":\"https:\/\/otoson.com.tr\/demo\/glutensiz-reyon-resmi-gazetede\/\"},\"wordCount\":383,\"publisher\":{\"@id\":\"https:\/\/otoson.com.tr\/demo\/#organization\"},\"image\":{\"@id\":\"https:\/\/otoson.com.tr\/demo\/glutensiz-reyon-resmi-gazetede\/#primaryimage\"},\"thumbnailUrl\":\"https:\/\/otoson.com.tr\/demo\/wp-content\/uploads\/2024\/04\/GlutensizReyonResmiGazete.png\",\"keywords\":[\"\u00e7\u00f6lyak\",\"Resmi Gazete\",\"Ticaret Bakanl\u0131\u011f\u0131\",\"zincir marketlerde glutensiz reyon\"],\"articleSection\":[\"Bakanl\u0131klar\"],\"inLanguage\":\"tr\"},{\"@type\":\"WebPage\",\"@id\":\"https:\/\/otoson.com.tr\/demo\/glutensiz-reyon-resmi-gazetede\/\",\"url\":\"https:\/\/otoson.com.tr\/demo\/glutensiz-reyon-resmi-gazetede\/\",\"name\":\"Glutensiz Reyon Resmi Gazete'de - \u00c7\u00f6lyak Vakf\u0131\",\"isPartOf\":{\"@id\":\"https:\/\/otoson.com.tr\/demo\/#website\"},\"primaryImageOfPage\":{\"@id\":\"https:\/\/otoson.com.tr\/demo\/glutensiz-reyon-resmi-gazetede\/#primaryimage\"},\"image\":{\"@id\":\"https:\/\/otoson.com.tr\/demo\/glutensiz-reyon-resmi-gazetede\/#primaryimage\"},\"thumbnailUrl\":\"https:\/\/otoson.com.tr\/demo\/wp-content\/uploads\/2024\/04\/GlutensizReyonResmiGazete.png\",\"datePublished\":\"2024-01-10T16:14:00+00:00\",\"dateModified\":\"2024-04-09T08:32:13+00:00\",\"description\":\"Zincir marketlerde glutensiz reyonlara zorunluluk getiren g\u0131da \u00fcr\u00fcn\u00fc sat\u0131\u015f y\u00fck\u00fcml\u00fcl\u00fc\u011f\u00fc Resmi Gazete'de yay\u0131nland\u0131.\",\"breadcrumb\":{\"@id\":\"https:\/\/otoson.com.tr\/demo\/glutensiz-reyon-resmi-gazetede\/#breadcrumb\"},\"inLanguage\":\"tr\",\"potentialAction\":[{\"@type\":\"ReadAction\",\"target\":[\"https:\/\/otoson.com.tr\/demo\/glutensiz-reyon-resmi-gazetede\/\"]}]},{\"@type\":\"ImageObject\",\"inLanguage\":\"tr\",\"@id\":\"https:\/\/otoson.com.tr\/demo\/glutensiz-reyon-resmi-gazetede\/#primaryimage\",\"url\":\"https:\/\/otoson.com.tr\/demo\/wp-content\/uploads\/2024\/04\/GlutensizReyonResmiGazete.png\",\"contentUrl\":\"https:\/\/otoson.com.tr\/demo\/wp-content\/uploads\/2024\/04\/GlutensizReyonResmiGazete.png\",\"width\":862,\"height\":639},{\"@type\":\"BreadcrumbList\",\"@id\":\"https:\/\/otoson.com.tr\/demo\/glutensiz-reyon-resmi-gazetede\/#breadcrumb\",\"itemListElement\":[{\"@type\":\"ListItem\",\"position\":1,\"name\":\"Ana Sayfa\",\"item\":\"https:\/\/otoson.com.tr\/demo\/\"},{\"@type\":\"ListItem\",\"position\":2,\"name\":\"Glutensiz Reyon Resmi Gazete&#8217;de\"}]},{\"@type\":\"WebSite\",\"@id\":\"https:\/\/otoson.com.tr\/demo\/#website\",\"url\":\"https:\/\/otoson.com.tr\/demo\/\",\"name\":\"\u00c7\u00f6lyak Vakf\u0131\",\"description\":\"Her lokmada \u00f6zg\u00fcrl\u00fck, her ad\u0131mda dayan\u0131\u015fma\",\"publisher\":{\"@id\":\"https:\/\/otoson.com.tr\/demo\/#organization\"},\"potentialAction\":[{\"@type\":\"SearchAction\",\"target\":{\"@type\":\"EntryPoint\",\"urlTemplate\":\"https:\/\/otoson.com.tr\/demo\/?s={search_term_string}\"},\"query-input\":{\"@type\":\"PropertyValueSpecification\",\"valueRequired\":true,\"valueName\":\"search_term_string\"}}],\"inLanguage\":\"tr\"},{\"@type\":\"Organization\",\"@id\":\"https:\/\/otoson.com.tr\/demo\/#organization\",\"name\":\"\u00c7\u00f6lyak Vakf\u0131\",\"url\":\"https:\/\/otoson.com.tr\/demo\/\",\"logo\":{\"@type\":\"ImageObject\",\"inLanguage\":\"tr\",\"@id\":\"https:\/\/otoson.com.tr\/demo\/#\/schema\/logo\/image\/\",\"url\":\"https:\/\/colyakvakfi.org\/wp-content\/uploads\/2024\/03\/CVLogo.png\",\"contentUrl\":\"https:\/\/colyakvakfi.org\/wp-content\/uploads\/2024\/03\/CVLogo.png\",\"width\":250,\"height\":250,\"caption\":\"\u00c7\u00f6lyak Vakf\u0131\"},\"image\":{\"@id\":\"https:\/\/otoson.com.tr\/demo\/#\/schema\/logo\/image\/\"},\"sameAs\":[\"https:\/\/x.com\/colyakvakfi\",\"https:\/\/instagram.com\/colyakvakfi\"]},{\"@type\":\"Person\",\"@id\":\"https:\/\/otoson.com.tr\/demo\/#\/schema\/person\/9e7b35c6992260ba3822d06e59b5546b\",\"name\":\"\u00c7\u00f6lyak Vakf\u0131\",\"image\":{\"@type\":\"ImageObject\",\"inLanguage\":\"tr\",\"@id\":\"https:\/\/otoson.com.tr\/demo\/#\/schema\/person\/image\/\",\"url\":\"https:\/\/secure.gravatar.com\/avatar\/d9c6d52721279c4d6658d18797aa9e4d6697febae500cfc164c247c41f387e6f?s=96&d=mm&r=g\",\"contentUrl\":\"https:\/\/secure.gravatar.com\/avatar\/d9c6d52721279c4d6658d18797aa9e4d6697febae500cfc164c247c41f387e6f?s=96&d=mm&r=g\",\"caption\":\"\u00c7\u00f6lyak Vakf\u0131\"},\"sameAs\":[\"http:\/\/colyakvakfi.org\",\"https:\/\/www.instagram.com\/colyakvakfi\/\"],\"url\":\"https:\/\/otoson.com.tr\/demo\/author\/admin\/\"}]}<\/script>\n<!-- \/ Yoast SEO plugin. -->","yoast_head_json":{"title":"Glutensiz Reyon Resmi Gazete'de - \u00c7\u00f6lyak Vakf\u0131","description":"Zincir marketlerde glutensiz reyonlara zorunluluk getiren g\u0131da \u00fcr\u00fcn\u00fc sat\u0131\u015f y\u00fck\u00fcml\u00fcl\u00fc\u011f\u00fc Resmi Gazete'de yay\u0131nland\u0131.","robots":{"index":"index","follow":"follow","max-snippet":"max-snippet:-1","max-image-preview":"max-image-preview:large","max-video-preview":"max-video-preview:-1"},"canonical":"https:\/\/otoson.com.tr\/demo\/glutensiz-reyon-resmi-gazetede\/","og_locale":"tr_TR","og_type":"article","og_title":"Glutensiz Reyon Resmi Gazete'de - \u00c7\u00f6lyak Vakf\u0131","og_description":"Zincir marketlerde glutensiz reyonlara zorunluluk getiren g\u0131da \u00fcr\u00fcn\u00fc sat\u0131\u015f y\u00fck\u00fcml\u00fcl\u00fc\u011f\u00fc Resmi Gazete'de yay\u0131nland\u0131.","og_url":"https:\/\/otoson.com.tr\/demo\/glutensiz-reyon-resmi-gazetede\/","og_site_name":"\u00c7\u00f6lyak Vakf\u0131","article_published_time":"2024-01-10T16:14:00+00:00","article_modified_time":"2024-04-09T08:32:13+00:00","og_image":[{"width":862,"height":639,"url":"https:\/\/otoson.com.tr\/demo\/wp-content\/uploads\/2024\/04\/GlutensizReyonResmiGazete.png","type":"image\/png"}],"author":"\u00c7\u00f6lyak Vakf\u0131","twitter_card":"summary_large_image","twitter_creator":"@colyakvakfi","twitter_site":"@colyakvakfi","twitter_misc":{"Yazan:":"\u00c7\u00f6lyak Vakf\u0131","Tahmini okuma s\u00fcresi":"2 dakika"},"schema":{"@context":"https:\/\/schema.org","@graph":[{"@type":"Article","@id":"https:\/\/otoson.com.tr\/demo\/glutensiz-reyon-resmi-gazetede\/#article","isPartOf":{"@id":"https:\/\/otoson.com.tr\/demo\/glutensiz-reyon-resmi-gazetede\/"},"author":{"name":"\u00c7\u00f6lyak Vakf\u0131","@id":"https:\/\/otoson.com.tr\/demo\/#\/schema\/person\/9e7b35c6992260ba3822d06e59b5546b"},"headline":"Glutensiz Reyon Resmi Gazete&#8217;de","datePublished":"2024-01-10T16:14:00+00:00","dateModified":"2024-04-09T08:32:13+00:00","mainEntityOfPage":{"@id":"https:\/\/otoson.com.tr\/demo\/glutensiz-reyon-resmi-gazetede\/"},"wordCount":383,"publisher":{"@id":"https:\/\/otoson.com.tr\/demo\/#organization"},"image":{"@id":"https:\/\/otoson.com.tr\/demo\/glutensiz-reyon-resmi-gazetede\/#primaryimage"},"thumbnailUrl":"https:\/\/otoson.com.tr\/demo\/wp-content\/uploads\/2024\/04\/GlutensizReyonResmiGazete.png","keywords":["\u00e7\u00f6lyak","Resmi Gazete","Ticaret Bakanl\u0131\u011f\u0131","zincir marketlerde glutensiz reyon"],"articleSection":["Bakanl\u0131klar"],"inLanguage":"tr"},{"@type":"WebPage","@id":"https:\/\/otoson.com.tr\/demo\/glutensiz-reyon-resmi-gazetede\/","url":"https:\/\/otoson.com.tr\/demo\/glutensiz-reyon-resmi-gazetede\/","name":"Glutensiz Reyon Resmi Gazete'de - \u00c7\u00f6lyak Vakf\u0131","isPartOf":{"@id":"https:\/\/otoson.com.tr\/demo\/#website"},"primaryImageOfPage":{"@id":"https:\/\/otoson.com.tr\/demo\/glutensiz-reyon-resmi-gazetede\/#primaryimage"},"image":{"@id":"https:\/\/otoson.com.tr\/demo\/glutensiz-reyon-resmi-gazetede\/#primaryimage"},"thumbnailUrl":"https:\/\/otoson.com.tr\/demo\/wp-content\/uploads\/2024\/04\/GlutensizReyonResmiGazete.png","datePublished":"2024-01-10T16:14:00+00:00","dateModified":"2024-04-09T08:32:13+00:00","description":"Zincir marketlerde glutensiz reyonlara zorunluluk getiren g\u0131da \u00fcr\u00fcn\u00fc sat\u0131\u015f y\u00fck\u00fcml\u00fcl\u00fc\u011f\u00fc Resmi Gazete'de yay\u0131nland\u0131.","breadcrumb":{"@id":"https:\/\/otoson.com.tr\/demo\/glutensiz-reyon-resmi-gazetede\/#breadcrumb"},"inLanguage":"tr","potentialAction":[{"@type":"ReadAction","target":["https:\/\/otoson.com.tr\/demo\/glutensiz-reyon-resmi-gazetede\/"]}]},{"@type":"ImageObject","inLanguage":"tr","@id":"https:\/\/otoson.com.tr\/demo\/glutensiz-reyon-resmi-gazetede\/#primaryimage","url":"https:\/\/otoson.com.tr\/demo\/wp-content\/uploads\/2024\/04\/GlutensizReyonResmiGazete.png","contentUrl":"https:\/\/otoson.com.tr\/demo\/wp-content\/uploads\/2024\/04\/GlutensizReyonResmiGazete.png","width":862,"height":639},{"@type":"BreadcrumbList","@id":"https:\/\/otoson.com.tr\/demo\/glutensiz-reyon-resmi-gazetede\/#breadcrumb","itemListElement":[{"@type":"ListItem","position":1,"name":"Ana Sayfa","item":"https:\/\/otoson.com.tr\/demo\/"},{"@type":"ListItem","position":2,"name":"Glutensiz Reyon Resmi Gazete&#8217;de"}]},{"@type":"WebSite","@id":"https:\/\/otoson.com.tr\/demo\/#website","url":"https:\/\/otoson.com.tr\/demo\/","name":"\u00c7\u00f6lyak Vakf\u0131","description":"Her lokmada \u00f6zg\u00fcrl\u00fck, her ad\u0131mda dayan\u0131\u015fma","publisher":{"@id":"https:\/\/otoson.com.tr\/demo\/#organization"},"potentialAction":[{"@type":"SearchAction","target":{"@type":"EntryPoint","urlTemplate":"https:\/\/otoson.com.tr\/demo\/?s={search_term_string}"},"query-input":{"@type":"PropertyValueSpecification","valueRequired":true,"valueName":"search_term_string"}}],"inLanguage":"tr"},{"@type":"Organization","@id":"https:\/\/otoson.com.tr\/demo\/#organization","name":"\u00c7\u00f6lyak Vakf\u0131","url":"https:\/\/otoson.com.tr\/demo\/","logo":{"@type":"ImageObject","inLanguage":"tr","@id":"https:\/\/otoson.com.tr\/demo\/#\/schema\/logo\/image\/","url":"https:\/\/colyakvakfi.org\/wp-content\/uploads\/2024\/03\/CVLogo.png","contentUrl":"https:\/\/colyakvakfi.org\/wp-content\/uploads\/2024\/03\/CVLogo.png","width":250,"height":250,"caption":"\u00c7\u00f6lyak Vakf\u0131"},"image":{"@id":"https:\/\/otoson.com.tr\/demo\/#\/schema\/logo\/image\/"},"sameAs":["https:\/\/x.com\/colyakvakfi","https:\/\/instagram.com\/colyakvakfi"]},{"@type":"Person","@id":"https:\/\/otoson.com.tr\/demo\/#\/schema\/person\/9e7b35c6992260ba3822d06e59b5546b","name":"\u00c7\u00f6lyak Vakf\u0131","image":{"@type":"ImageObject","inLanguage":"tr","@id":"https:\/\/otoson.com.tr\/demo\/#\/schema\/person\/image\/","url":"https:\/\/secure.gravatar.com\/avatar\/d9c6d52721279c4d6658d18797aa9e4d6697febae500cfc164c247c41f387e6f?s=96&d=mm&r=g","contentUrl":"https:\/\/secure.gravatar.com\/avatar\/d9c6d52721279c4d6658d18797aa9e4d6697febae500cfc164c247c41f387e6f?s=96&d=mm&r=g","caption":"\u00c7\u00f6lyak Vakf\u0131"},"sameAs":["http:\/\/colyakvakfi.org","https:\/\/www.instagram.com\/colyakvakfi\/"],"url":"https:\/\/otoson.com.tr\/demo\/author\/admin\/"}]}},"_links":{"self":[{"href":"https:\/\/otoson.com.tr\/demo\/wp-json\/wp\/v2\/posts\/1127","targetHints":{"allow":["GET"]}}],"collection":[{"href":"https:\/\/otoson.com.tr\/demo\/wp-json\/wp\/v2\/posts"}],"about":[{"href":"https:\/\/otoson.com.tr\/demo\/wp-json\/wp\/v2\/types\/post"}],"author":[{"embeddable":true,"href":"https:\/\/otoson.com.tr\/demo\/wp-json\/wp\/v2\/users\/1"}],"replies":[{"embeddable":true,"href":"https:\/\/otoson.com.tr\/demo\/wp-json\/wp\/v2\/comments?post=1127"}],"version-history":[{"count":2,"href":"https:\/\/otoson.com.tr\/demo\/wp-json\/wp\/v2\/posts\/1127\/revisions"}],"predecessor-version":[{"id":1135,"href":"https:\/\/otoson.com.tr\/demo\/wp-json\/wp\/v2\/posts\/1127\/revisions\/1135"}],"wp:featuredmedia":[{"embeddable":true,"href":"https:\/\/otoson.com.tr\/demo\/wp-json\/wp\/v2\/media\/1128"}],"wp:attachment":[{"href":"https:\/\/otoson.com.tr\/demo\/wp-json\/wp\/v2\/media?parent=1127"}],"wp:term":[{"taxonomy":"category","embeddable":true,"href":"https:\/\/otoson.com.tr\/demo\/wp-json\/wp\/v2\/categories?post=1127"},{"taxonomy":"post_tag","embeddable":true,"href":"https:\/\/otoson.com.tr\/demo\/wp-json\/wp\/v2\/tags?post=1127"}],"curies":[{"name":"wp","href":"https:\/\/api.w.org\/{rel}","templated":true}]}}