{"id":1136,"date":"2024-01-11T11:36:00","date_gmt":"2024-01-11T08:36:00","guid":{"rendered":"https:\/\/colyakvakfi.org\/?p=1136"},"modified":"2024-04-09T11:40:52","modified_gmt":"2024-04-09T08:40:52","slug":"colyak-vakfi-ve-uskudar-belediyesi-gorusmesi","status":"publish","type":"post","link":"https:\/\/otoson.com.tr\/demo\/colyak-vakfi-ve-uskudar-belediyesi-gorusmesi\/","title":{"rendered":"\u00c7\u00f6lyak Vakf\u0131 ve \u00dcsk\u00fcdar Belediyesi G\u00f6r\u00fc\u015fmesi"},"content":{"rendered":"\n<p>\u00dcsk\u00fcdar Belediye Ba\u015fkan Yard\u0131mc\u0131s\u0131 Say\u0131n Zekeriya \u015eanl\u0131er, Mali Hizmetler M\u00fcd\u00fcr\u00fc Say\u0131n Cihan Ero\u011flu ve \u00dcsk\u00fcdar Rizeliler Derne\u011fi Y\u00f6netim Kurulu Ba\u015fkan\u0131 Say\u0131n Murat \u00c7ad\u0131r ile 11.01.2024 tarihinde bir toplant\u0131m\u0131z oldu. G\u00f6r\u00fc\u015fmemiz sonucunda \u00c7\u00f6lyak Vakf\u0131 ve \u00dcsk\u00fcdar Belediyesi ortakl\u0131\u011f\u0131 ile halihaz\u0131rda y\u00fcr\u00fct\u00fclmekte olan Nevmekan Sosyal Tesislerinde glutensiz men\u00fcler olu\u015fturulmas\u0131 ve \u00dcsk\u00fcdar Valide Sultan Gemisi\u2019nde glutensiz simit se\u00e7ene\u011finin eklenmesi y\u00f6n\u00fcnde g\u00f6r\u00fc\u015fmeler sa\u011fland\u0131. Ayr\u0131ca \u00dcsk\u00fcdar b\u00f6lgesinde ya\u015fayan \u00e7\u00f6lyakl\u0131lar i\u00e7in d\u00fczenli koli talebimizi ilettik.<br>Bizi a\u011f\u0131rlad\u0131klar\u0131 ve Vakf\u0131m\u0131za g\u00f6sterdikleri ilgi i\u00e7in kendilerine \u00e7ok te\u015fekk\u00fcr ediyoruz.<\/p>\n","protected":false},"excerpt":{"rendered":"<p>\u00dcsk\u00fcdar Belediye Ba\u015fkan Yard\u0131mc\u0131s\u0131 Say\u0131n Zekeriya \u015eanl\u0131er, Mali Hizmetler M\u00fcd\u00fcr\u00fc Say\u0131n Cihan Ero\u011flu ve \u00dcsk\u00fcdar Rizeliler Derne\u011fi Y\u00f6netim Kurulu Ba\u015fkan\u0131 Say\u0131n Murat \u00c7ad\u0131r ile 11.01.2024 tarihinde bir toplant\u0131m\u0131z oldu. G\u00f6r\u00fc\u015fmemiz&hellip;<\/p>\n","protected":false},"author":1,"featured_media":1137,"comment_status":"closed","ping_status":"open","sticky":false,"template":"","format":"standard","meta":{"give_campaign_id":0,"_lmt_disableupdate":"","_lmt_disable":"","footnotes":""},"categories":[25],"tags":[19,20,44,45],"class_list":["post-1136","post","type-post","status-publish","format-standard","has-post-thumbnail","hentry","category-belediyeler","tag-colyak","tag-glutensiz-beslenme","tag-glutensiz-menu","tag-uskudar-belediyesi"],"yoast_head":"<!-- This site is optimized with the Yoast SEO plugin v24.9 - https:\/\/yoast.com\/wordpress\/plugins\/seo\/ -->\n<title>\u00c7\u00f6lyak Vakf\u0131 ve \u00dcsk\u00fcdar Belediyesi G\u00f6r\u00fc\u015fmesi - \u00c7\u00f6lyak Vakf\u0131<\/title>\n<meta name=\"description\" content=\"\u00dcsk\u00fcdar Belediyesi ile g\u00f6r\u00fc\u015fmemiz sonucunda Nevmekan Sosyal Tesislerinde glutensiz men\u00fcler olu\u015fturulmas\u0131 y\u00f6n\u00fcnde g\u00f6r\u00fc\u015fmeler sa\u011fland\u0131.\" \/>\n<meta name=\"robots\" content=\"index, follow, max-snippet:-1, max-image-preview:large, max-video-preview:-1\" \/>\n<link rel=\"canonical\" href=\"https:\/\/otoson.com.tr\/demo\/colyak-vakfi-ve-uskudar-belediyesi-gorusmesi\/\" \/>\n<meta property=\"og:locale\" content=\"tr_TR\" \/>\n<meta property=\"og:type\" content=\"article\" \/>\n<meta property=\"og:title\" content=\"\u00c7\u00f6lyak Vakf\u0131 ve \u00dcsk\u00fcdar Belediyesi G\u00f6r\u00fc\u015fmesi - \u00c7\u00f6lyak Vakf\u0131\" \/>\n<meta property=\"og:description\" content=\"\u00dcsk\u00fcdar Belediyesi ile g\u00f6r\u00fc\u015fmemiz sonucunda Nevmekan Sosyal Tesislerinde glutensiz men\u00fcler olu\u015fturulmas\u0131 y\u00f6n\u00fcnde g\u00f6r\u00fc\u015fmeler sa\u011fland\u0131.\" \/>\n<meta property=\"og:url\" content=\"https:\/\/otoson.com.tr\/demo\/colyak-vakfi-ve-uskudar-belediyesi-gorusmesi\/\" \/>\n<meta property=\"og:site_name\" content=\"\u00c7\u00f6lyak Vakf\u0131\" \/>\n<meta property=\"article:published_time\" content=\"2024-01-11T08:36:00+00:00\" \/>\n<meta property=\"article:modified_time\" content=\"2024-04-09T08:40:52+00:00\" \/>\n<meta property=\"og:image\" content=\"https:\/\/otoson.com.tr\/demo\/wp-content\/uploads\/2024\/04\/UskudarBelediyesiGorusmeOcak2024.png\" \/>\n\t<meta property=\"og:image:width\" content=\"1095\" \/>\n\t<meta property=\"og:image:height\" content=\"686\" \/>\n\t<meta property=\"og:image:type\" content=\"image\/png\" \/>\n<meta name=\"author\" content=\"\u00c7\u00f6lyak Vakf\u0131\" \/>\n<meta name=\"twitter:card\" content=\"summary_large_image\" \/>\n<meta name=\"twitter:creator\" content=\"@colyakvakfi\" \/>\n<meta name=\"twitter:site\" content=\"@colyakvakfi\" \/>\n<meta name=\"twitter:label1\" content=\"Yazan:\" \/>\n\t<meta name=\"twitter:data1\" content=\"\u00c7\u00f6lyak Vakf\u0131\" \/>\n\t<meta name=\"twitter:label2\" content=\"Tahmini okuma s\u00fcresi\" \/>\n\t<meta name=\"twitter:data2\" content=\"1 dakika\" \/>\n<script type=\"application\/ld+json\" class=\"yoast-schema-graph\">{\"@context\":\"https:\/\/schema.org\",\"@graph\":[{\"@type\":\"Article\",\"@id\":\"https:\/\/otoson.com.tr\/demo\/colyak-vakfi-ve-uskudar-belediyesi-gorusmesi\/#article\",\"isPartOf\":{\"@id\":\"https:\/\/otoson.com.tr\/demo\/colyak-vakfi-ve-uskudar-belediyesi-gorusmesi\/\"},\"author\":{\"name\":\"\u00c7\u00f6lyak Vakf\u0131\",\"@id\":\"https:\/\/otoson.com.tr\/demo\/#\/schema\/person\/9e7b35c6992260ba3822d06e59b5546b\"},\"headline\":\"\u00c7\u00f6lyak Vakf\u0131 ve \u00dcsk\u00fcdar Belediyesi G\u00f6r\u00fc\u015fmesi\",\"datePublished\":\"2024-01-11T08:36:00+00:00\",\"dateModified\":\"2024-04-09T08:40:52+00:00\",\"mainEntityOfPage\":{\"@id\":\"https:\/\/otoson.com.tr\/demo\/colyak-vakfi-ve-uskudar-belediyesi-gorusmesi\/\"},\"wordCount\":139,\"publisher\":{\"@id\":\"https:\/\/otoson.com.tr\/demo\/#organization\"},\"image\":{\"@id\":\"https:\/\/otoson.com.tr\/demo\/colyak-vakfi-ve-uskudar-belediyesi-gorusmesi\/#primaryimage\"},\"thumbnailUrl\":\"https:\/\/otoson.com.tr\/demo\/wp-content\/uploads\/2024\/04\/UskudarBelediyesiGorusmeOcak2024.png\",\"keywords\":[\"\u00e7\u00f6lyak\",\"glutensiz beslenme\",\"glutensiz men\u00fc\",\"\u00dcsk\u00fcdar Belediyesi\"],\"articleSection\":[\"Belediyeler\"],\"inLanguage\":\"tr\"},{\"@type\":\"WebPage\",\"@id\":\"https:\/\/otoson.com.tr\/demo\/colyak-vakfi-ve-uskudar-belediyesi-gorusmesi\/\",\"url\":\"https:\/\/otoson.com.tr\/demo\/colyak-vakfi-ve-uskudar-belediyesi-gorusmesi\/\",\"name\":\"\u00c7\u00f6lyak Vakf\u0131 ve \u00dcsk\u00fcdar Belediyesi G\u00f6r\u00fc\u015fmesi - \u00c7\u00f6lyak Vakf\u0131\",\"isPartOf\":{\"@id\":\"https:\/\/otoson.com.tr\/demo\/#website\"},\"primaryImageOfPage\":{\"@id\":\"https:\/\/otoson.com.tr\/demo\/colyak-vakfi-ve-uskudar-belediyesi-gorusmesi\/#primaryimage\"},\"image\":{\"@id\":\"https:\/\/otoson.com.tr\/demo\/colyak-vakfi-ve-uskudar-belediyesi-gorusmesi\/#primaryimage\"},\"thumbnailUrl\":\"https:\/\/otoson.com.tr\/demo\/wp-content\/uploads\/2024\/04\/UskudarBelediyesiGorusmeOcak2024.png\",\"datePublished\":\"2024-01-11T08:36:00+00:00\",\"dateModified\":\"2024-04-09T08:40:52+00:00\",\"description\":\"\u00dcsk\u00fcdar Belediyesi ile g\u00f6r\u00fc\u015fmemiz sonucunda Nevmekan Sosyal Tesislerinde glutensiz men\u00fcler olu\u015fturulmas\u0131 y\u00f6n\u00fcnde g\u00f6r\u00fc\u015fmeler sa\u011fland\u0131.\",\"breadcrumb\":{\"@id\":\"https:\/\/otoson.com.tr\/demo\/colyak-vakfi-ve-uskudar-belediyesi-gorusmesi\/#breadcrumb\"},\"inLanguage\":\"tr\",\"potentialAction\":[{\"@type\":\"ReadAction\",\"target\":[\"https:\/\/otoson.com.tr\/demo\/colyak-vakfi-ve-uskudar-belediyesi-gorusmesi\/\"]}]},{\"@type\":\"ImageObject\",\"inLanguage\":\"tr\",\"@id\":\"https:\/\/otoson.com.tr\/demo\/colyak-vakfi-ve-uskudar-belediyesi-gorusmesi\/#primaryimage\",\"url\":\"https:\/\/otoson.com.tr\/demo\/wp-content\/uploads\/2024\/04\/UskudarBelediyesiGorusmeOcak2024.png\",\"contentUrl\":\"https:\/\/otoson.com.tr\/demo\/wp-content\/uploads\/2024\/04\/UskudarBelediyesiGorusmeOcak2024.png\",\"width\":1095,\"height\":686},{\"@type\":\"BreadcrumbList\",\"@id\":\"https:\/\/otoson.com.tr\/demo\/colyak-vakfi-ve-uskudar-belediyesi-gorusmesi\/#breadcrumb\",\"itemListElement\":[{\"@type\":\"ListItem\",\"position\":1,\"name\":\"Ana Sayfa\",\"item\":\"https:\/\/otoson.com.tr\/demo\/\"},{\"@type\":\"ListItem\",\"position\":2,\"name\":\"\u00c7\u00f6lyak Vakf\u0131 ve \u00dcsk\u00fcdar Belediyesi G\u00f6r\u00fc\u015fmesi\"}]},{\"@type\":\"WebSite\",\"@id\":\"https:\/\/otoson.com.tr\/demo\/#website\",\"url\":\"https:\/\/otoson.com.tr\/demo\/\",\"name\":\"\u00c7\u00f6lyak Vakf\u0131\",\"description\":\"Her lokmada \u00f6zg\u00fcrl\u00fck, her ad\u0131mda dayan\u0131\u015fma\",\"publisher\":{\"@id\":\"https:\/\/otoson.com.tr\/demo\/#organization\"},\"potentialAction\":[{\"@type\":\"SearchAction\",\"target\":{\"@type\":\"EntryPoint\",\"urlTemplate\":\"https:\/\/otoson.com.tr\/demo\/?s={search_term_string}\"},\"query-input\":{\"@type\":\"PropertyValueSpecification\",\"valueRequired\":true,\"valueName\":\"search_term_string\"}}],\"inLanguage\":\"tr\"},{\"@type\":\"Organization\",\"@id\":\"https:\/\/otoson.com.tr\/demo\/#organization\",\"name\":\"\u00c7\u00f6lyak Vakf\u0131\",\"url\":\"https:\/\/otoson.com.tr\/demo\/\",\"logo\":{\"@type\":\"ImageObject\",\"inLanguage\":\"tr\",\"@id\":\"https:\/\/otoson.com.tr\/demo\/#\/schema\/logo\/image\/\",\"url\":\"https:\/\/colyakvakfi.org\/wp-content\/uploads\/2024\/03\/CVLogo.png\",\"contentUrl\":\"https:\/\/colyakvakfi.org\/wp-content\/uploads\/2024\/03\/CVLogo.png\",\"width\":250,\"height\":250,\"caption\":\"\u00c7\u00f6lyak Vakf\u0131\"},\"image\":{\"@id\":\"https:\/\/otoson.com.tr\/demo\/#\/schema\/logo\/image\/\"},\"sameAs\":[\"https:\/\/x.com\/colyakvakfi\",\"https:\/\/instagram.com\/colyakvakfi\"]},{\"@type\":\"Person\",\"@id\":\"https:\/\/otoson.com.tr\/demo\/#\/schema\/person\/9e7b35c6992260ba3822d06e59b5546b\",\"name\":\"\u00c7\u00f6lyak Vakf\u0131\",\"image\":{\"@type\":\"ImageObject\",\"inLanguage\":\"tr\",\"@id\":\"https:\/\/otoson.com.tr\/demo\/#\/schema\/person\/image\/\",\"url\":\"https:\/\/secure.gravatar.com\/avatar\/d9c6d52721279c4d6658d18797aa9e4d6697febae500cfc164c247c41f387e6f?s=96&d=mm&r=g\",\"contentUrl\":\"https:\/\/secure.gravatar.com\/avatar\/d9c6d52721279c4d6658d18797aa9e4d6697febae500cfc164c247c41f387e6f?s=96&d=mm&r=g\",\"caption\":\"\u00c7\u00f6lyak Vakf\u0131\"},\"sameAs\":[\"http:\/\/colyakvakfi.org\",\"https:\/\/www.instagram.com\/colyakvakfi\/\"],\"url\":\"https:\/\/otoson.com.tr\/demo\/author\/admin\/\"}]}<\/script>\n<!-- \/ Yoast SEO plugin. -->","yoast_head_json":{"title":"\u00c7\u00f6lyak Vakf\u0131 ve \u00dcsk\u00fcdar Belediyesi G\u00f6r\u00fc\u015fmesi - \u00c7\u00f6lyak Vakf\u0131","description":"\u00dcsk\u00fcdar Belediyesi ile g\u00f6r\u00fc\u015fmemiz sonucunda Nevmekan Sosyal Tesislerinde glutensiz men\u00fcler olu\u015fturulmas\u0131 y\u00f6n\u00fcnde g\u00f6r\u00fc\u015fmeler sa\u011fland\u0131.","robots":{"index":"index","follow":"follow","max-snippet":"max-snippet:-1","max-image-preview":"max-image-preview:large","max-video-preview":"max-video-preview:-1"},"canonical":"https:\/\/otoson.com.tr\/demo\/colyak-vakfi-ve-uskudar-belediyesi-gorusmesi\/","og_locale":"tr_TR","og_type":"article","og_title":"\u00c7\u00f6lyak Vakf\u0131 ve \u00dcsk\u00fcdar Belediyesi G\u00f6r\u00fc\u015fmesi - \u00c7\u00f6lyak Vakf\u0131","og_description":"\u00dcsk\u00fcdar Belediyesi ile g\u00f6r\u00fc\u015fmemiz sonucunda Nevmekan Sosyal Tesislerinde glutensiz men\u00fcler olu\u015fturulmas\u0131 y\u00f6n\u00fcnde g\u00f6r\u00fc\u015fmeler sa\u011fland\u0131.","og_url":"https:\/\/otoson.com.tr\/demo\/colyak-vakfi-ve-uskudar-belediyesi-gorusmesi\/","og_site_name":"\u00c7\u00f6lyak Vakf\u0131","article_published_time":"2024-01-11T08:36:00+00:00","article_modified_time":"2024-04-09T08:40:52+00:00","og_image":[{"width":1095,"height":686,"url":"https:\/\/otoson.com.tr\/demo\/wp-content\/uploads\/2024\/04\/UskudarBelediyesiGorusmeOcak2024.png","type":"image\/png"}],"author":"\u00c7\u00f6lyak Vakf\u0131","twitter_card":"summary_large_image","twitter_creator":"@colyakvakfi","twitter_site":"@colyakvakfi","twitter_misc":{"Yazan:":"\u00c7\u00f6lyak Vakf\u0131","Tahmini okuma s\u00fcresi":"1 dakika"},"schema":{"@context":"https:\/\/schema.org","@graph":[{"@type":"Article","@id":"https:\/\/otoson.com.tr\/demo\/colyak-vakfi-ve-uskudar-belediyesi-gorusmesi\/#article","isPartOf":{"@id":"https:\/\/otoson.com.tr\/demo\/colyak-vakfi-ve-uskudar-belediyesi-gorusmesi\/"},"author":{"name":"\u00c7\u00f6lyak Vakf\u0131","@id":"https:\/\/otoson.com.tr\/demo\/#\/schema\/person\/9e7b35c6992260ba3822d06e59b5546b"},"headline":"\u00c7\u00f6lyak Vakf\u0131 ve \u00dcsk\u00fcdar Belediyesi G\u00f6r\u00fc\u015fmesi","datePublished":"2024-01-11T08:36:00+00:00","dateModified":"2024-04-09T08:40:52+00:00","mainEntityOfPage":{"@id":"https:\/\/otoson.com.tr\/demo\/colyak-vakfi-ve-uskudar-belediyesi-gorusmesi\/"},"wordCount":139,"publisher":{"@id":"https:\/\/otoson.com.tr\/demo\/#organization"},"image":{"@id":"https:\/\/otoson.com.tr\/demo\/colyak-vakfi-ve-uskudar-belediyesi-gorusmesi\/#primaryimage"},"thumbnailUrl":"https:\/\/otoson.com.tr\/demo\/wp-content\/uploads\/2024\/04\/UskudarBelediyesiGorusmeOcak2024.png","keywords":["\u00e7\u00f6lyak","glutensiz beslenme","glutensiz men\u00fc","\u00dcsk\u00fcdar Belediyesi"],"articleSection":["Belediyeler"],"inLanguage":"tr"},{"@type":"WebPage","@id":"https:\/\/otoson.com.tr\/demo\/colyak-vakfi-ve-uskudar-belediyesi-gorusmesi\/","url":"https:\/\/otoson.com.tr\/demo\/colyak-vakfi-ve-uskudar-belediyesi-gorusmesi\/","name":"\u00c7\u00f6lyak Vakf\u0131 ve \u00dcsk\u00fcdar Belediyesi G\u00f6r\u00fc\u015fmesi - \u00c7\u00f6lyak Vakf\u0131","isPartOf":{"@id":"https:\/\/otoson.com.tr\/demo\/#website"},"primaryImageOfPage":{"@id":"https:\/\/otoson.com.tr\/demo\/colyak-vakfi-ve-uskudar-belediyesi-gorusmesi\/#primaryimage"},"image":{"@id":"https:\/\/otoson.com.tr\/demo\/colyak-vakfi-ve-uskudar-belediyesi-gorusmesi\/#primaryimage"},"thumbnailUrl":"https:\/\/otoson.com.tr\/demo\/wp-content\/uploads\/2024\/04\/UskudarBelediyesiGorusmeOcak2024.png","datePublished":"2024-01-11T08:36:00+00:00","dateModified":"2024-04-09T08:40:52+00:00","description":"\u00dcsk\u00fcdar Belediyesi ile g\u00f6r\u00fc\u015fmemiz sonucunda Nevmekan Sosyal Tesislerinde glutensiz men\u00fcler olu\u015fturulmas\u0131 y\u00f6n\u00fcnde g\u00f6r\u00fc\u015fmeler sa\u011fland\u0131.","breadcrumb":{"@id":"https:\/\/otoson.com.tr\/demo\/colyak-vakfi-ve-uskudar-belediyesi-gorusmesi\/#breadcrumb"},"inLanguage":"tr","potentialAction":[{"@type":"ReadAction","target":["https:\/\/otoson.com.tr\/demo\/colyak-vakfi-ve-uskudar-belediyesi-gorusmesi\/"]}]},{"@type":"ImageObject","inLanguage":"tr","@id":"https:\/\/otoson.com.tr\/demo\/colyak-vakfi-ve-uskudar-belediyesi-gorusmesi\/#primaryimage","url":"https:\/\/otoson.com.tr\/demo\/wp-content\/uploads\/2024\/04\/UskudarBelediyesiGorusmeOcak2024.png","contentUrl":"https:\/\/otoson.com.tr\/demo\/wp-content\/uploads\/2024\/04\/UskudarBelediyesiGorusmeOcak2024.png","width":1095,"height":686},{"@type":"BreadcrumbList","@id":"https:\/\/otoson.com.tr\/demo\/colyak-vakfi-ve-uskudar-belediyesi-gorusmesi\/#breadcrumb","itemListElement":[{"@type":"ListItem","position":1,"name":"Ana Sayfa","item":"https:\/\/otoson.com.tr\/demo\/"},{"@type":"ListItem","position":2,"name":"\u00c7\u00f6lyak Vakf\u0131 ve \u00dcsk\u00fcdar Belediyesi G\u00f6r\u00fc\u015fmesi"}]},{"@type":"WebSite","@id":"https:\/\/otoson.com.tr\/demo\/#website","url":"https:\/\/otoson.com.tr\/demo\/","name":"\u00c7\u00f6lyak Vakf\u0131","description":"Her lokmada \u00f6zg\u00fcrl\u00fck, her ad\u0131mda dayan\u0131\u015fma","publisher":{"@id":"https:\/\/otoson.com.tr\/demo\/#organization"},"potentialAction":[{"@type":"SearchAction","target":{"@type":"EntryPoint","urlTemplate":"https:\/\/otoson.com.tr\/demo\/?s={search_term_string}"},"query-input":{"@type":"PropertyValueSpecification","valueRequired":true,"valueName":"search_term_string"}}],"inLanguage":"tr"},{"@type":"Organization","@id":"https:\/\/otoson.com.tr\/demo\/#organization","name":"\u00c7\u00f6lyak Vakf\u0131","url":"https:\/\/otoson.com.tr\/demo\/","logo":{"@type":"ImageObject","inLanguage":"tr","@id":"https:\/\/otoson.com.tr\/demo\/#\/schema\/logo\/image\/","url":"https:\/\/colyakvakfi.org\/wp-content\/uploads\/2024\/03\/CVLogo.png","contentUrl":"https:\/\/colyakvakfi.org\/wp-content\/uploads\/2024\/03\/CVLogo.png","width":250,"height":250,"caption":"\u00c7\u00f6lyak Vakf\u0131"},"image":{"@id":"https:\/\/otoson.com.tr\/demo\/#\/schema\/logo\/image\/"},"sameAs":["https:\/\/x.com\/colyakvakfi","https:\/\/instagram.com\/colyakvakfi"]},{"@type":"Person","@id":"https:\/\/otoson.com.tr\/demo\/#\/schema\/person\/9e7b35c6992260ba3822d06e59b5546b","name":"\u00c7\u00f6lyak Vakf\u0131","image":{"@type":"ImageObject","inLanguage":"tr","@id":"https:\/\/otoson.com.tr\/demo\/#\/schema\/person\/image\/","url":"https:\/\/secure.gravatar.com\/avatar\/d9c6d52721279c4d6658d18797aa9e4d6697febae500cfc164c247c41f387e6f?s=96&d=mm&r=g","contentUrl":"https:\/\/secure.gravatar.com\/avatar\/d9c6d52721279c4d6658d18797aa9e4d6697febae500cfc164c247c41f387e6f?s=96&d=mm&r=g","caption":"\u00c7\u00f6lyak Vakf\u0131"},"sameAs":["http:\/\/colyakvakfi.org","https:\/\/www.instagram.com\/colyakvakfi\/"],"url":"https:\/\/otoson.com.tr\/demo\/author\/admin\/"}]}},"_links":{"self":[{"href":"https:\/\/otoson.com.tr\/demo\/wp-json\/wp\/v2\/posts\/1136","targetHints":{"allow":["GET"]}}],"collection":[{"href":"https:\/\/otoson.com.tr\/demo\/wp-json\/wp\/v2\/posts"}],"about":[{"href":"https:\/\/otoson.com.tr\/demo\/wp-json\/wp\/v2\/types\/post"}],"author":[{"embeddable":true,"href":"https:\/\/otoson.com.tr\/demo\/wp-json\/wp\/v2\/users\/1"}],"replies":[{"embeddable":true,"href":"https:\/\/otoson.com.tr\/demo\/wp-json\/wp\/v2\/comments?post=1136"}],"version-history":[{"count":1,"href":"https:\/\/otoson.com.tr\/demo\/wp-json\/wp\/v2\/posts\/1136\/revisions"}],"predecessor-version":[{"id":1138,"href":"https:\/\/otoson.com.tr\/demo\/wp-json\/wp\/v2\/posts\/1136\/revisions\/1138"}],"wp:featuredmedia":[{"embeddable":true,"href":"https:\/\/otoson.com.tr\/demo\/wp-json\/wp\/v2\/media\/1137"}],"wp:attachment":[{"href":"https:\/\/otoson.com.tr\/demo\/wp-json\/wp\/v2\/media?parent=1136"}],"wp:term":[{"taxonomy":"category","embeddable":true,"href":"https:\/\/otoson.com.tr\/demo\/wp-json\/wp\/v2\/categories?post=1136"},{"taxonomy":"post_tag","embeddable":true,"href":"https:\/\/otoson.com.tr\/demo\/wp-json\/wp\/v2\/tags?post=1136"}],"curies":[{"name":"wp","href":"https:\/\/api.w.org\/{rel}","templated":true}]}}