{"id":1139,"date":"2024-01-21T11:41:00","date_gmt":"2024-01-21T08:41:00","guid":{"rendered":"https:\/\/colyakvakfi.org\/?p=1139"},"modified":"2024-04-09T11:48:15","modified_gmt":"2024-04-09T08:48:15","slug":"colyak-vakfi-ve-besiktas-belediyesi-gorusmesi","status":"publish","type":"post","link":"https:\/\/otoson.com.tr\/demo\/colyak-vakfi-ve-besiktas-belediyesi-gorusmesi\/","title":{"rendered":"\u00c7\u00f6lyak Vakf\u0131 ve Be\u015fikta\u015f Belediyesi G\u00f6r\u00fc\u015fmesi"},"content":{"rendered":"\n<p>Be\u015fikta\u015f Belediye Ba\u015fkan Yard\u0131mc\u0131s\u0131 Dr. \u015eeref \u015eeker ile yapt\u0131\u011f\u0131m\u0131z toplant\u0131da, \u00c7\u00f6lyak Vakf\u0131 ve Be\u015fikta\u015f Belediyesi i\u015fbirli\u011fiyle ger\u00e7ekle\u015ftirilebilecek projeleri g\u00f6r\u00fc\u015ft\u00fck. Belta\u015f i\u015fletmelerinin men\u00fclerine gl\u00fctensiz se\u00e7enekler eklenmesi talebimizi ilettik ve \u00e7\u00f6lyakl\u0131lara d\u00fczenli koli yard\u0131m\u0131 yap\u0131lmas\u0131 i\u00e7in talepte bulunduk. Be\u015fikta\u015f\u2019ta ya\u015fayan \u00e7\u00f6lyakl\u0131lar\u0131n bilgilerini iletmek \u00fczere Vakf\u0131m\u0131z \u00e7al\u0131\u015fma y\u00fcr\u00fct\u00fccek ancak bu s\u00fcre\u00e7te Be\u015fikta\u015f\u2019ta ya\u015fayan \u00e7\u00f6lyakl\u0131 ailelerimiz bizimle ileti\u015fime ge\u00e7ebilirler \ud83e\udde1 <\/p>\n\n\n\n<p>Be\u015fikta\u015f Belediye Ba\u015fkan Yard\u0131mc\u0131s\u0131 \u015eeref Bey\u2019e misafirperverli\u011fi i\u00e7in te\u015fekk\u00fcr ederiz.<\/p>\n","protected":false},"excerpt":{"rendered":"<p>Be\u015fikta\u015f Belediye Ba\u015fkan Yard\u0131mc\u0131s\u0131 Dr. \u015eeref \u015eeker ile yapt\u0131\u011f\u0131m\u0131z toplant\u0131da, \u00c7\u00f6lyak Vakf\u0131 ve Be\u015fikta\u015f Belediyesi i\u015fbirli\u011fiyle ger\u00e7ekle\u015ftirilebilecek projeleri g\u00f6r\u00fc\u015ft\u00fck. Belta\u015f i\u015fletmelerinin men\u00fclerine gl\u00fctensiz se\u00e7enekler eklenmesi talebimizi ilettik ve \u00e7\u00f6lyakl\u0131lara d\u00fczenli&hellip;<\/p>\n","protected":false},"author":1,"featured_media":1141,"comment_status":"closed","ping_status":"open","sticky":false,"template":"","format":"standard","meta":{"give_campaign_id":0,"_lmt_disableupdate":"","_lmt_disable":"","footnotes":""},"categories":[25],"tags":[47,19,44,46],"class_list":["post-1139","post","type-post","status-publish","format-standard","has-post-thumbnail","hentry","category-belediyeler","tag-besiktas-belediyesi","tag-colyak","tag-glutensiz-menu","tag-yardim-kolisi"],"yoast_head":"<!-- This site is optimized with the Yoast SEO plugin v24.9 - https:\/\/yoast.com\/wordpress\/plugins\/seo\/ -->\n<title>\u00c7\u00f6lyak Vakf\u0131 ve Be\u015fikta\u015f Belediyesi G\u00f6r\u00fc\u015fmesi - \u00c7\u00f6lyak Vakf\u0131<\/title>\n<meta name=\"description\" content=\"Be\u015fikta\u015f Belediyesi ile yapt\u0131\u011f\u0131m\u0131z toplant\u0131da, \u00c7\u00f6lyak Vakf\u0131 ve Be\u015fikta\u015f Belediyesi i\u015fbirli\u011fiyle ger\u00e7ekle\u015ftirilebilecek projeleri g\u00f6r\u00fc\u015ft\u00fck.\" \/>\n<meta name=\"robots\" content=\"index, follow, max-snippet:-1, max-image-preview:large, max-video-preview:-1\" \/>\n<link rel=\"canonical\" href=\"https:\/\/otoson.com.tr\/demo\/colyak-vakfi-ve-besiktas-belediyesi-gorusmesi\/\" \/>\n<meta property=\"og:locale\" content=\"tr_TR\" \/>\n<meta property=\"og:type\" content=\"article\" \/>\n<meta property=\"og:title\" content=\"\u00c7\u00f6lyak Vakf\u0131 ve Be\u015fikta\u015f Belediyesi G\u00f6r\u00fc\u015fmesi - \u00c7\u00f6lyak Vakf\u0131\" \/>\n<meta property=\"og:description\" content=\"Be\u015fikta\u015f Belediyesi ile yapt\u0131\u011f\u0131m\u0131z toplant\u0131da, \u00c7\u00f6lyak Vakf\u0131 ve Be\u015fikta\u015f Belediyesi i\u015fbirli\u011fiyle ger\u00e7ekle\u015ftirilebilecek projeleri g\u00f6r\u00fc\u015ft\u00fck.\" \/>\n<meta property=\"og:url\" content=\"https:\/\/otoson.com.tr\/demo\/colyak-vakfi-ve-besiktas-belediyesi-gorusmesi\/\" \/>\n<meta property=\"og:site_name\" content=\"\u00c7\u00f6lyak Vakf\u0131\" \/>\n<meta property=\"article:published_time\" content=\"2024-01-21T08:41:00+00:00\" \/>\n<meta property=\"article:modified_time\" content=\"2024-04-09T08:48:15+00:00\" \/>\n<meta property=\"og:image\" content=\"https:\/\/otoson.com.tr\/demo\/wp-content\/uploads\/2024\/04\/BesiktasBelediyesiGorusmesiOcak2024.png\" \/>\n\t<meta property=\"og:image:width\" content=\"1526\" \/>\n\t<meta property=\"og:image:height\" content=\"919\" \/>\n\t<meta property=\"og:image:type\" content=\"image\/png\" \/>\n<meta name=\"author\" content=\"\u00c7\u00f6lyak Vakf\u0131\" \/>\n<meta name=\"twitter:card\" content=\"summary_large_image\" \/>\n<meta name=\"twitter:creator\" content=\"@colyakvakfi\" \/>\n<meta name=\"twitter:site\" content=\"@colyakvakfi\" \/>\n<meta name=\"twitter:label1\" content=\"Yazan:\" \/>\n\t<meta name=\"twitter:data1\" content=\"\u00c7\u00f6lyak Vakf\u0131\" \/>\n\t<meta name=\"twitter:label2\" content=\"Tahmini okuma s\u00fcresi\" \/>\n\t<meta name=\"twitter:data2\" content=\"1 dakika\" \/>\n<script type=\"application\/ld+json\" class=\"yoast-schema-graph\">{\"@context\":\"https:\/\/schema.org\",\"@graph\":[{\"@type\":\"Article\",\"@id\":\"https:\/\/otoson.com.tr\/demo\/colyak-vakfi-ve-besiktas-belediyesi-gorusmesi\/#article\",\"isPartOf\":{\"@id\":\"https:\/\/otoson.com.tr\/demo\/colyak-vakfi-ve-besiktas-belediyesi-gorusmesi\/\"},\"author\":{\"name\":\"\u00c7\u00f6lyak Vakf\u0131\",\"@id\":\"https:\/\/otoson.com.tr\/demo\/#\/schema\/person\/9e7b35c6992260ba3822d06e59b5546b\"},\"headline\":\"\u00c7\u00f6lyak Vakf\u0131 ve Be\u015fikta\u015f Belediyesi G\u00f6r\u00fc\u015fmesi\",\"datePublished\":\"2024-01-21T08:41:00+00:00\",\"dateModified\":\"2024-04-09T08:48:15+00:00\",\"mainEntityOfPage\":{\"@id\":\"https:\/\/otoson.com.tr\/demo\/colyak-vakfi-ve-besiktas-belediyesi-gorusmesi\/\"},\"wordCount\":125,\"publisher\":{\"@id\":\"https:\/\/otoson.com.tr\/demo\/#organization\"},\"image\":{\"@id\":\"https:\/\/otoson.com.tr\/demo\/colyak-vakfi-ve-besiktas-belediyesi-gorusmesi\/#primaryimage\"},\"thumbnailUrl\":\"https:\/\/otoson.com.tr\/demo\/wp-content\/uploads\/2024\/04\/BesiktasBelediyesiGorusmesiOcak2024.png\",\"keywords\":[\"Be\u015fikta\u015f Belediyesi\",\"\u00e7\u00f6lyak\",\"glutensiz men\u00fc\",\"yard\u0131m kolisi\"],\"articleSection\":[\"Belediyeler\"],\"inLanguage\":\"tr\"},{\"@type\":\"WebPage\",\"@id\":\"https:\/\/otoson.com.tr\/demo\/colyak-vakfi-ve-besiktas-belediyesi-gorusmesi\/\",\"url\":\"https:\/\/otoson.com.tr\/demo\/colyak-vakfi-ve-besiktas-belediyesi-gorusmesi\/\",\"name\":\"\u00c7\u00f6lyak Vakf\u0131 ve Be\u015fikta\u015f Belediyesi G\u00f6r\u00fc\u015fmesi - \u00c7\u00f6lyak Vakf\u0131\",\"isPartOf\":{\"@id\":\"https:\/\/otoson.com.tr\/demo\/#website\"},\"primaryImageOfPage\":{\"@id\":\"https:\/\/otoson.com.tr\/demo\/colyak-vakfi-ve-besiktas-belediyesi-gorusmesi\/#primaryimage\"},\"image\":{\"@id\":\"https:\/\/otoson.com.tr\/demo\/colyak-vakfi-ve-besiktas-belediyesi-gorusmesi\/#primaryimage\"},\"thumbnailUrl\":\"https:\/\/otoson.com.tr\/demo\/wp-content\/uploads\/2024\/04\/BesiktasBelediyesiGorusmesiOcak2024.png\",\"datePublished\":\"2024-01-21T08:41:00+00:00\",\"dateModified\":\"2024-04-09T08:48:15+00:00\",\"description\":\"Be\u015fikta\u015f Belediyesi ile yapt\u0131\u011f\u0131m\u0131z toplant\u0131da, \u00c7\u00f6lyak Vakf\u0131 ve Be\u015fikta\u015f Belediyesi i\u015fbirli\u011fiyle ger\u00e7ekle\u015ftirilebilecek projeleri g\u00f6r\u00fc\u015ft\u00fck.\",\"breadcrumb\":{\"@id\":\"https:\/\/otoson.com.tr\/demo\/colyak-vakfi-ve-besiktas-belediyesi-gorusmesi\/#breadcrumb\"},\"inLanguage\":\"tr\",\"potentialAction\":[{\"@type\":\"ReadAction\",\"target\":[\"https:\/\/otoson.com.tr\/demo\/colyak-vakfi-ve-besiktas-belediyesi-gorusmesi\/\"]}]},{\"@type\":\"ImageObject\",\"inLanguage\":\"tr\",\"@id\":\"https:\/\/otoson.com.tr\/demo\/colyak-vakfi-ve-besiktas-belediyesi-gorusmesi\/#primaryimage\",\"url\":\"https:\/\/otoson.com.tr\/demo\/wp-content\/uploads\/2024\/04\/BesiktasBelediyesiGorusmesiOcak2024.png\",\"contentUrl\":\"https:\/\/otoson.com.tr\/demo\/wp-content\/uploads\/2024\/04\/BesiktasBelediyesiGorusmesiOcak2024.png\",\"width\":1526,\"height\":919},{\"@type\":\"BreadcrumbList\",\"@id\":\"https:\/\/otoson.com.tr\/demo\/colyak-vakfi-ve-besiktas-belediyesi-gorusmesi\/#breadcrumb\",\"itemListElement\":[{\"@type\":\"ListItem\",\"position\":1,\"name\":\"Ana Sayfa\",\"item\":\"https:\/\/otoson.com.tr\/demo\/\"},{\"@type\":\"ListItem\",\"position\":2,\"name\":\"\u00c7\u00f6lyak Vakf\u0131 ve Be\u015fikta\u015f Belediyesi G\u00f6r\u00fc\u015fmesi\"}]},{\"@type\":\"WebSite\",\"@id\":\"https:\/\/otoson.com.tr\/demo\/#website\",\"url\":\"https:\/\/otoson.com.tr\/demo\/\",\"name\":\"\u00c7\u00f6lyak Vakf\u0131\",\"description\":\"Her lokmada \u00f6zg\u00fcrl\u00fck, her ad\u0131mda dayan\u0131\u015fma\",\"publisher\":{\"@id\":\"https:\/\/otoson.com.tr\/demo\/#organization\"},\"potentialAction\":[{\"@type\":\"SearchAction\",\"target\":{\"@type\":\"EntryPoint\",\"urlTemplate\":\"https:\/\/otoson.com.tr\/demo\/?s={search_term_string}\"},\"query-input\":{\"@type\":\"PropertyValueSpecification\",\"valueRequired\":true,\"valueName\":\"search_term_string\"}}],\"inLanguage\":\"tr\"},{\"@type\":\"Organization\",\"@id\":\"https:\/\/otoson.com.tr\/demo\/#organization\",\"name\":\"\u00c7\u00f6lyak Vakf\u0131\",\"url\":\"https:\/\/otoson.com.tr\/demo\/\",\"logo\":{\"@type\":\"ImageObject\",\"inLanguage\":\"tr\",\"@id\":\"https:\/\/otoson.com.tr\/demo\/#\/schema\/logo\/image\/\",\"url\":\"https:\/\/colyakvakfi.org\/wp-content\/uploads\/2024\/03\/CVLogo.png\",\"contentUrl\":\"https:\/\/colyakvakfi.org\/wp-content\/uploads\/2024\/03\/CVLogo.png\",\"width\":250,\"height\":250,\"caption\":\"\u00c7\u00f6lyak Vakf\u0131\"},\"image\":{\"@id\":\"https:\/\/otoson.com.tr\/demo\/#\/schema\/logo\/image\/\"},\"sameAs\":[\"https:\/\/x.com\/colyakvakfi\",\"https:\/\/instagram.com\/colyakvakfi\"]},{\"@type\":\"Person\",\"@id\":\"https:\/\/otoson.com.tr\/demo\/#\/schema\/person\/9e7b35c6992260ba3822d06e59b5546b\",\"name\":\"\u00c7\u00f6lyak Vakf\u0131\",\"image\":{\"@type\":\"ImageObject\",\"inLanguage\":\"tr\",\"@id\":\"https:\/\/otoson.com.tr\/demo\/#\/schema\/person\/image\/\",\"url\":\"https:\/\/secure.gravatar.com\/avatar\/d9c6d52721279c4d6658d18797aa9e4d6697febae500cfc164c247c41f387e6f?s=96&d=mm&r=g\",\"contentUrl\":\"https:\/\/secure.gravatar.com\/avatar\/d9c6d52721279c4d6658d18797aa9e4d6697febae500cfc164c247c41f387e6f?s=96&d=mm&r=g\",\"caption\":\"\u00c7\u00f6lyak Vakf\u0131\"},\"sameAs\":[\"http:\/\/colyakvakfi.org\",\"https:\/\/www.instagram.com\/colyakvakfi\/\"],\"url\":\"https:\/\/otoson.com.tr\/demo\/author\/admin\/\"}]}<\/script>\n<!-- \/ Yoast SEO plugin. -->","yoast_head_json":{"title":"\u00c7\u00f6lyak Vakf\u0131 ve Be\u015fikta\u015f Belediyesi G\u00f6r\u00fc\u015fmesi - \u00c7\u00f6lyak Vakf\u0131","description":"Be\u015fikta\u015f Belediyesi ile yapt\u0131\u011f\u0131m\u0131z toplant\u0131da, \u00c7\u00f6lyak Vakf\u0131 ve Be\u015fikta\u015f Belediyesi i\u015fbirli\u011fiyle ger\u00e7ekle\u015ftirilebilecek projeleri g\u00f6r\u00fc\u015ft\u00fck.","robots":{"index":"index","follow":"follow","max-snippet":"max-snippet:-1","max-image-preview":"max-image-preview:large","max-video-preview":"max-video-preview:-1"},"canonical":"https:\/\/otoson.com.tr\/demo\/colyak-vakfi-ve-besiktas-belediyesi-gorusmesi\/","og_locale":"tr_TR","og_type":"article","og_title":"\u00c7\u00f6lyak Vakf\u0131 ve Be\u015fikta\u015f Belediyesi G\u00f6r\u00fc\u015fmesi - \u00c7\u00f6lyak Vakf\u0131","og_description":"Be\u015fikta\u015f Belediyesi ile yapt\u0131\u011f\u0131m\u0131z toplant\u0131da, \u00c7\u00f6lyak Vakf\u0131 ve Be\u015fikta\u015f Belediyesi i\u015fbirli\u011fiyle ger\u00e7ekle\u015ftirilebilecek projeleri g\u00f6r\u00fc\u015ft\u00fck.","og_url":"https:\/\/otoson.com.tr\/demo\/colyak-vakfi-ve-besiktas-belediyesi-gorusmesi\/","og_site_name":"\u00c7\u00f6lyak Vakf\u0131","article_published_time":"2024-01-21T08:41:00+00:00","article_modified_time":"2024-04-09T08:48:15+00:00","og_image":[{"width":1526,"height":919,"url":"https:\/\/otoson.com.tr\/demo\/wp-content\/uploads\/2024\/04\/BesiktasBelediyesiGorusmesiOcak2024.png","type":"image\/png"}],"author":"\u00c7\u00f6lyak Vakf\u0131","twitter_card":"summary_large_image","twitter_creator":"@colyakvakfi","twitter_site":"@colyakvakfi","twitter_misc":{"Yazan:":"\u00c7\u00f6lyak Vakf\u0131","Tahmini okuma s\u00fcresi":"1 dakika"},"schema":{"@context":"https:\/\/schema.org","@graph":[{"@type":"Article","@id":"https:\/\/otoson.com.tr\/demo\/colyak-vakfi-ve-besiktas-belediyesi-gorusmesi\/#article","isPartOf":{"@id":"https:\/\/otoson.com.tr\/demo\/colyak-vakfi-ve-besiktas-belediyesi-gorusmesi\/"},"author":{"name":"\u00c7\u00f6lyak Vakf\u0131","@id":"https:\/\/otoson.com.tr\/demo\/#\/schema\/person\/9e7b35c6992260ba3822d06e59b5546b"},"headline":"\u00c7\u00f6lyak Vakf\u0131 ve Be\u015fikta\u015f Belediyesi G\u00f6r\u00fc\u015fmesi","datePublished":"2024-01-21T08:41:00+00:00","dateModified":"2024-04-09T08:48:15+00:00","mainEntityOfPage":{"@id":"https:\/\/otoson.com.tr\/demo\/colyak-vakfi-ve-besiktas-belediyesi-gorusmesi\/"},"wordCount":125,"publisher":{"@id":"https:\/\/otoson.com.tr\/demo\/#organization"},"image":{"@id":"https:\/\/otoson.com.tr\/demo\/colyak-vakfi-ve-besiktas-belediyesi-gorusmesi\/#primaryimage"},"thumbnailUrl":"https:\/\/otoson.com.tr\/demo\/wp-content\/uploads\/2024\/04\/BesiktasBelediyesiGorusmesiOcak2024.png","keywords":["Be\u015fikta\u015f Belediyesi","\u00e7\u00f6lyak","glutensiz men\u00fc","yard\u0131m kolisi"],"articleSection":["Belediyeler"],"inLanguage":"tr"},{"@type":"WebPage","@id":"https:\/\/otoson.com.tr\/demo\/colyak-vakfi-ve-besiktas-belediyesi-gorusmesi\/","url":"https:\/\/otoson.com.tr\/demo\/colyak-vakfi-ve-besiktas-belediyesi-gorusmesi\/","name":"\u00c7\u00f6lyak Vakf\u0131 ve Be\u015fikta\u015f Belediyesi G\u00f6r\u00fc\u015fmesi - \u00c7\u00f6lyak Vakf\u0131","isPartOf":{"@id":"https:\/\/otoson.com.tr\/demo\/#website"},"primaryImageOfPage":{"@id":"https:\/\/otoson.com.tr\/demo\/colyak-vakfi-ve-besiktas-belediyesi-gorusmesi\/#primaryimage"},"image":{"@id":"https:\/\/otoson.com.tr\/demo\/colyak-vakfi-ve-besiktas-belediyesi-gorusmesi\/#primaryimage"},"thumbnailUrl":"https:\/\/otoson.com.tr\/demo\/wp-content\/uploads\/2024\/04\/BesiktasBelediyesiGorusmesiOcak2024.png","datePublished":"2024-01-21T08:41:00+00:00","dateModified":"2024-04-09T08:48:15+00:00","description":"Be\u015fikta\u015f Belediyesi ile yapt\u0131\u011f\u0131m\u0131z toplant\u0131da, \u00c7\u00f6lyak Vakf\u0131 ve Be\u015fikta\u015f Belediyesi i\u015fbirli\u011fiyle ger\u00e7ekle\u015ftirilebilecek projeleri g\u00f6r\u00fc\u015ft\u00fck.","breadcrumb":{"@id":"https:\/\/otoson.com.tr\/demo\/colyak-vakfi-ve-besiktas-belediyesi-gorusmesi\/#breadcrumb"},"inLanguage":"tr","potentialAction":[{"@type":"ReadAction","target":["https:\/\/otoson.com.tr\/demo\/colyak-vakfi-ve-besiktas-belediyesi-gorusmesi\/"]}]},{"@type":"ImageObject","inLanguage":"tr","@id":"https:\/\/otoson.com.tr\/demo\/colyak-vakfi-ve-besiktas-belediyesi-gorusmesi\/#primaryimage","url":"https:\/\/otoson.com.tr\/demo\/wp-content\/uploads\/2024\/04\/BesiktasBelediyesiGorusmesiOcak2024.png","contentUrl":"https:\/\/otoson.com.tr\/demo\/wp-content\/uploads\/2024\/04\/BesiktasBelediyesiGorusmesiOcak2024.png","width":1526,"height":919},{"@type":"BreadcrumbList","@id":"https:\/\/otoson.com.tr\/demo\/colyak-vakfi-ve-besiktas-belediyesi-gorusmesi\/#breadcrumb","itemListElement":[{"@type":"ListItem","position":1,"name":"Ana Sayfa","item":"https:\/\/otoson.com.tr\/demo\/"},{"@type":"ListItem","position":2,"name":"\u00c7\u00f6lyak Vakf\u0131 ve Be\u015fikta\u015f Belediyesi G\u00f6r\u00fc\u015fmesi"}]},{"@type":"WebSite","@id":"https:\/\/otoson.com.tr\/demo\/#website","url":"https:\/\/otoson.com.tr\/demo\/","name":"\u00c7\u00f6lyak Vakf\u0131","description":"Her lokmada \u00f6zg\u00fcrl\u00fck, her ad\u0131mda dayan\u0131\u015fma","publisher":{"@id":"https:\/\/otoson.com.tr\/demo\/#organization"},"potentialAction":[{"@type":"SearchAction","target":{"@type":"EntryPoint","urlTemplate":"https:\/\/otoson.com.tr\/demo\/?s={search_term_string}"},"query-input":{"@type":"PropertyValueSpecification","valueRequired":true,"valueName":"search_term_string"}}],"inLanguage":"tr"},{"@type":"Organization","@id":"https:\/\/otoson.com.tr\/demo\/#organization","name":"\u00c7\u00f6lyak Vakf\u0131","url":"https:\/\/otoson.com.tr\/demo\/","logo":{"@type":"ImageObject","inLanguage":"tr","@id":"https:\/\/otoson.com.tr\/demo\/#\/schema\/logo\/image\/","url":"https:\/\/colyakvakfi.org\/wp-content\/uploads\/2024\/03\/CVLogo.png","contentUrl":"https:\/\/colyakvakfi.org\/wp-content\/uploads\/2024\/03\/CVLogo.png","width":250,"height":250,"caption":"\u00c7\u00f6lyak Vakf\u0131"},"image":{"@id":"https:\/\/otoson.com.tr\/demo\/#\/schema\/logo\/image\/"},"sameAs":["https:\/\/x.com\/colyakvakfi","https:\/\/instagram.com\/colyakvakfi"]},{"@type":"Person","@id":"https:\/\/otoson.com.tr\/demo\/#\/schema\/person\/9e7b35c6992260ba3822d06e59b5546b","name":"\u00c7\u00f6lyak Vakf\u0131","image":{"@type":"ImageObject","inLanguage":"tr","@id":"https:\/\/otoson.com.tr\/demo\/#\/schema\/person\/image\/","url":"https:\/\/secure.gravatar.com\/avatar\/d9c6d52721279c4d6658d18797aa9e4d6697febae500cfc164c247c41f387e6f?s=96&d=mm&r=g","contentUrl":"https:\/\/secure.gravatar.com\/avatar\/d9c6d52721279c4d6658d18797aa9e4d6697febae500cfc164c247c41f387e6f?s=96&d=mm&r=g","caption":"\u00c7\u00f6lyak Vakf\u0131"},"sameAs":["http:\/\/colyakvakfi.org","https:\/\/www.instagram.com\/colyakvakfi\/"],"url":"https:\/\/otoson.com.tr\/demo\/author\/admin\/"}]}},"_links":{"self":[{"href":"https:\/\/otoson.com.tr\/demo\/wp-json\/wp\/v2\/posts\/1139","targetHints":{"allow":["GET"]}}],"collection":[{"href":"https:\/\/otoson.com.tr\/demo\/wp-json\/wp\/v2\/posts"}],"about":[{"href":"https:\/\/otoson.com.tr\/demo\/wp-json\/wp\/v2\/types\/post"}],"author":[{"embeddable":true,"href":"https:\/\/otoson.com.tr\/demo\/wp-json\/wp\/v2\/users\/1"}],"replies":[{"embeddable":true,"href":"https:\/\/otoson.com.tr\/demo\/wp-json\/wp\/v2\/comments?post=1139"}],"version-history":[{"count":1,"href":"https:\/\/otoson.com.tr\/demo\/wp-json\/wp\/v2\/posts\/1139\/revisions"}],"predecessor-version":[{"id":1142,"href":"https:\/\/otoson.com.tr\/demo\/wp-json\/wp\/v2\/posts\/1139\/revisions\/1142"}],"wp:featuredmedia":[{"embeddable":true,"href":"https:\/\/otoson.com.tr\/demo\/wp-json\/wp\/v2\/media\/1141"}],"wp:attachment":[{"href":"https:\/\/otoson.com.tr\/demo\/wp-json\/wp\/v2\/media?parent=1139"}],"wp:term":[{"taxonomy":"category","embeddable":true,"href":"https:\/\/otoson.com.tr\/demo\/wp-json\/wp\/v2\/categories?post=1139"},{"taxonomy":"post_tag","embeddable":true,"href":"https:\/\/otoson.com.tr\/demo\/wp-json\/wp\/v2\/tags?post=1139"}],"curies":[{"name":"wp","href":"https:\/\/api.w.org\/{rel}","templated":true}]}}