{"id":1143,"date":"2024-02-07T11:51:00","date_gmt":"2024-02-07T08:51:00","guid":{"rendered":"https:\/\/colyakvakfi.org\/?p=1143"},"modified":"2024-04-09T11:56:39","modified_gmt":"2024-04-09T08:56:39","slug":"colyak-vakfi-ve-calisma-ve-sosyal-guvenlik-bakanligi-gorusmesi","status":"publish","type":"post","link":"https:\/\/otoson.com.tr\/demo\/colyak-vakfi-ve-calisma-ve-sosyal-guvenlik-bakanligi-gorusmesi\/","title":{"rendered":"\u00c7\u00f6lyak Vakf\u0131 ve \u00c7al\u0131\u015fma ve Sosyal G\u00fcvenlik Bakanl\u0131\u011f\u0131 G\u00f6r\u00fc\u015fmesi"},"content":{"rendered":"\n<p>T.C.\u00c7al\u0131\u015fma ve Sosyal G\u00fcvenlik Bakanl\u0131\u011f\u0131 \u00c7al\u0131\u015fma Genel M\u00fcd\u00fcr\u00fc Say\u0131n Mehmet Ba\u015f ile 6 \u015eubat 2024 tarihinde bir toplant\u0131 ger\u00e7ekle\u015ftirdik.<\/p>\n\n\n\n<p>Toplant\u0131da \u00e7\u00f6lyak \u00f6deneklerinin art\u0131r\u0131lmas\u0131 ve \u00e7al\u0131\u015fma alanlar\u0131nda gl\u00fctensiz yemek sunulmas\u0131 i\u00e7in talepte bulunduk. Ayr\u0131ca, ayn\u0131 g\u00fcn T.C. \u00c7al\u0131\u015fma ve Sosyal G\u00fcvenlik Bakan\u0131 Say\u0131n Prof. Dr. Vedat I\u015f\u0131khan Bey\u2019in Dan\u0131\u015fman\u0131 Say\u0131n Metehan Karata\u015f ile ikinci bir toplant\u0131m\u0131z oldu. \u00c7\u00f6lyak \u00f6deneklerinin iyile\u015ftirilmesi hususunu dile getirdik.<\/p>\n\n\n\n<p>Makam\u0131nda bizi a\u011f\u0131rlad\u0131\u011f\u0131 i\u00e7in Say\u0131n Mehmet Bey\u2019e ve bize zaman ay\u0131r\u0131p \u00e7\u00f6lyak \u00f6dene\u011finin iyile\u015ftirilmesi hususunda taleplerimizi Say\u0131n Bakan\u0131m\u0131z Vedat hocam\u0131za iletmek \u00fczere notlar\u0131n\u0131 alan Say\u0131n Metehan Bey\u2019e \u00c7\u00f6lyak Vakf\u0131 ve \u00e7\u00f6lyakl\u0131lar ad\u0131na minnet ve sayg\u0131lar\u0131m\u0131z\u0131 sunar\u0131z. \ud83e\udde1<\/p>\n","protected":false},"excerpt":{"rendered":"<p>T.C.\u00c7al\u0131\u015fma ve Sosyal G\u00fcvenlik Bakanl\u0131\u011f\u0131 \u00c7al\u0131\u015fma Genel M\u00fcd\u00fcr\u00fc Say\u0131n Mehmet Ba\u015f ile 6 \u015eubat 2024 tarihinde bir toplant\u0131 ger\u00e7ekle\u015ftirdik. Toplant\u0131da \u00e7\u00f6lyak \u00f6deneklerinin art\u0131r\u0131lmas\u0131 ve \u00e7al\u0131\u015fma alanlar\u0131nda gl\u00fctensiz yemek sunulmas\u0131 i\u00e7in&hellip;<\/p>\n","protected":false},"author":1,"featured_media":1144,"comment_status":"closed","ping_status":"open","sticky":false,"template":"","format":"standard","meta":{"give_campaign_id":0,"_lmt_disableupdate":"","_lmt_disable":"","footnotes":""},"categories":[24],"tags":[50,48,19,49,44],"class_list":["post-1143","post","type-post","status-publish","format-standard","has-post-thumbnail","hentry","category-bakanliklar","tag-calisma-alanlarinda-glutensiz-yemek","tag-calisma-ve-sosyal-guvenlik-bakanligi","tag-colyak","tag-colyak-odenekleri","tag-glutensiz-menu"],"yoast_head":"<!-- This site is optimized with the Yoast SEO plugin v24.9 - https:\/\/yoast.com\/wordpress\/plugins\/seo\/ -->\n<title>\u00c7\u00f6lyak Vakf\u0131 ve \u00c7al\u0131\u015fma ve Sosyal G\u00fcvenlik Bakanl\u0131\u011f\u0131 G\u00f6r\u00fc\u015fmesi - \u00c7\u00f6lyak Vakf\u0131<\/title>\n<meta name=\"description\" content=\"\u00c7al\u0131\u015fma ve Sosyal G\u00fcvenlik Bakanl\u0131\u011f\u0131 ile ger\u00e7ekle\u015ftirdi\u011fimiz toplant\u0131da \u00e7\u00f6lyak \u00f6deneklerinin art\u0131r\u0131lmas\u0131 ve \u00e7al\u0131\u015fma alanlar\u0131nda gl\u00fctensiz yemek sunulmas\u0131 i\u00e7in talepte bulunduk.\" \/>\n<meta name=\"robots\" content=\"index, follow, max-snippet:-1, max-image-preview:large, max-video-preview:-1\" \/>\n<link rel=\"canonical\" href=\"https:\/\/otoson.com.tr\/demo\/colyak-vakfi-ve-calisma-ve-sosyal-guvenlik-bakanligi-gorusmesi\/\" \/>\n<meta property=\"og:locale\" content=\"tr_TR\" \/>\n<meta property=\"og:type\" content=\"article\" \/>\n<meta property=\"og:title\" content=\"\u00c7\u00f6lyak Vakf\u0131 ve \u00c7al\u0131\u015fma ve Sosyal G\u00fcvenlik Bakanl\u0131\u011f\u0131 G\u00f6r\u00fc\u015fmesi - \u00c7\u00f6lyak Vakf\u0131\" \/>\n<meta property=\"og:description\" content=\"\u00c7al\u0131\u015fma ve Sosyal G\u00fcvenlik Bakanl\u0131\u011f\u0131 ile ger\u00e7ekle\u015ftirdi\u011fimiz toplant\u0131da \u00e7\u00f6lyak \u00f6deneklerinin art\u0131r\u0131lmas\u0131 ve \u00e7al\u0131\u015fma alanlar\u0131nda gl\u00fctensiz yemek sunulmas\u0131 i\u00e7in talepte bulunduk.\" \/>\n<meta property=\"og:url\" content=\"https:\/\/otoson.com.tr\/demo\/colyak-vakfi-ve-calisma-ve-sosyal-guvenlik-bakanligi-gorusmesi\/\" \/>\n<meta property=\"og:site_name\" content=\"\u00c7\u00f6lyak Vakf\u0131\" \/>\n<meta property=\"article:published_time\" content=\"2024-02-07T08:51:00+00:00\" \/>\n<meta property=\"article:modified_time\" content=\"2024-04-09T08:56:39+00:00\" \/>\n<meta property=\"og:image\" content=\"https:\/\/otoson.com.tr\/demo\/wp-content\/uploads\/2024\/04\/CSGBakanligiGorusmesiSubat2024.png\" \/>\n\t<meta property=\"og:image:width\" content=\"1526\" \/>\n\t<meta property=\"og:image:height\" content=\"919\" \/>\n\t<meta property=\"og:image:type\" content=\"image\/png\" \/>\n<meta name=\"author\" content=\"\u00c7\u00f6lyak Vakf\u0131\" \/>\n<meta name=\"twitter:card\" content=\"summary_large_image\" \/>\n<meta name=\"twitter:creator\" content=\"@colyakvakfi\" \/>\n<meta name=\"twitter:site\" content=\"@colyakvakfi\" \/>\n<meta name=\"twitter:label1\" content=\"Yazan:\" \/>\n\t<meta name=\"twitter:data1\" content=\"\u00c7\u00f6lyak Vakf\u0131\" \/>\n\t<meta name=\"twitter:label2\" content=\"Tahmini okuma s\u00fcresi\" \/>\n\t<meta name=\"twitter:data2\" content=\"1 dakika\" \/>\n<script type=\"application\/ld+json\" class=\"yoast-schema-graph\">{\"@context\":\"https:\/\/schema.org\",\"@graph\":[{\"@type\":\"Article\",\"@id\":\"https:\/\/otoson.com.tr\/demo\/colyak-vakfi-ve-calisma-ve-sosyal-guvenlik-bakanligi-gorusmesi\/#article\",\"isPartOf\":{\"@id\":\"https:\/\/otoson.com.tr\/demo\/colyak-vakfi-ve-calisma-ve-sosyal-guvenlik-bakanligi-gorusmesi\/\"},\"author\":{\"name\":\"\u00c7\u00f6lyak Vakf\u0131\",\"@id\":\"https:\/\/otoson.com.tr\/demo\/#\/schema\/person\/9e7b35c6992260ba3822d06e59b5546b\"},\"headline\":\"\u00c7\u00f6lyak Vakf\u0131 ve \u00c7al\u0131\u015fma ve Sosyal G\u00fcvenlik Bakanl\u0131\u011f\u0131 G\u00f6r\u00fc\u015fmesi\",\"datePublished\":\"2024-02-07T08:51:00+00:00\",\"dateModified\":\"2024-04-09T08:56:39+00:00\",\"mainEntityOfPage\":{\"@id\":\"https:\/\/otoson.com.tr\/demo\/colyak-vakfi-ve-calisma-ve-sosyal-guvenlik-bakanligi-gorusmesi\/\"},\"wordCount\":161,\"publisher\":{\"@id\":\"https:\/\/otoson.com.tr\/demo\/#organization\"},\"image\":{\"@id\":\"https:\/\/otoson.com.tr\/demo\/colyak-vakfi-ve-calisma-ve-sosyal-guvenlik-bakanligi-gorusmesi\/#primaryimage\"},\"thumbnailUrl\":\"https:\/\/otoson.com.tr\/demo\/wp-content\/uploads\/2024\/04\/CSGBakanligiGorusmesiSubat2024.png\",\"keywords\":[\"\u00e7al\u0131\u015fma alanlar\u0131nda glutensiz yemek\",\"\u00c7al\u0131\u015fma ve Sosyal G\u00fcvenlik Bakanl\u0131\u011f\u0131\",\"\u00e7\u00f6lyak\",\"\u00e7\u00f6lyak \u00f6denekleri\",\"glutensiz men\u00fc\"],\"articleSection\":[\"Bakanl\u0131klar\"],\"inLanguage\":\"tr\"},{\"@type\":\"WebPage\",\"@id\":\"https:\/\/otoson.com.tr\/demo\/colyak-vakfi-ve-calisma-ve-sosyal-guvenlik-bakanligi-gorusmesi\/\",\"url\":\"https:\/\/otoson.com.tr\/demo\/colyak-vakfi-ve-calisma-ve-sosyal-guvenlik-bakanligi-gorusmesi\/\",\"name\":\"\u00c7\u00f6lyak Vakf\u0131 ve \u00c7al\u0131\u015fma ve Sosyal G\u00fcvenlik Bakanl\u0131\u011f\u0131 G\u00f6r\u00fc\u015fmesi - \u00c7\u00f6lyak Vakf\u0131\",\"isPartOf\":{\"@id\":\"https:\/\/otoson.com.tr\/demo\/#website\"},\"primaryImageOfPage\":{\"@id\":\"https:\/\/otoson.com.tr\/demo\/colyak-vakfi-ve-calisma-ve-sosyal-guvenlik-bakanligi-gorusmesi\/#primaryimage\"},\"image\":{\"@id\":\"https:\/\/otoson.com.tr\/demo\/colyak-vakfi-ve-calisma-ve-sosyal-guvenlik-bakanligi-gorusmesi\/#primaryimage\"},\"thumbnailUrl\":\"https:\/\/otoson.com.tr\/demo\/wp-content\/uploads\/2024\/04\/CSGBakanligiGorusmesiSubat2024.png\",\"datePublished\":\"2024-02-07T08:51:00+00:00\",\"dateModified\":\"2024-04-09T08:56:39+00:00\",\"description\":\"\u00c7al\u0131\u015fma ve Sosyal G\u00fcvenlik Bakanl\u0131\u011f\u0131 ile ger\u00e7ekle\u015ftirdi\u011fimiz toplant\u0131da \u00e7\u00f6lyak \u00f6deneklerinin art\u0131r\u0131lmas\u0131 ve \u00e7al\u0131\u015fma alanlar\u0131nda gl\u00fctensiz yemek sunulmas\u0131 i\u00e7in talepte bulunduk.\",\"breadcrumb\":{\"@id\":\"https:\/\/otoson.com.tr\/demo\/colyak-vakfi-ve-calisma-ve-sosyal-guvenlik-bakanligi-gorusmesi\/#breadcrumb\"},\"inLanguage\":\"tr\",\"potentialAction\":[{\"@type\":\"ReadAction\",\"target\":[\"https:\/\/otoson.com.tr\/demo\/colyak-vakfi-ve-calisma-ve-sosyal-guvenlik-bakanligi-gorusmesi\/\"]}]},{\"@type\":\"ImageObject\",\"inLanguage\":\"tr\",\"@id\":\"https:\/\/otoson.com.tr\/demo\/colyak-vakfi-ve-calisma-ve-sosyal-guvenlik-bakanligi-gorusmesi\/#primaryimage\",\"url\":\"https:\/\/otoson.com.tr\/demo\/wp-content\/uploads\/2024\/04\/CSGBakanligiGorusmesiSubat2024.png\",\"contentUrl\":\"https:\/\/otoson.com.tr\/demo\/wp-content\/uploads\/2024\/04\/CSGBakanligiGorusmesiSubat2024.png\",\"width\":1526,\"height\":919},{\"@type\":\"BreadcrumbList\",\"@id\":\"https:\/\/otoson.com.tr\/demo\/colyak-vakfi-ve-calisma-ve-sosyal-guvenlik-bakanligi-gorusmesi\/#breadcrumb\",\"itemListElement\":[{\"@type\":\"ListItem\",\"position\":1,\"name\":\"Ana Sayfa\",\"item\":\"https:\/\/otoson.com.tr\/demo\/\"},{\"@type\":\"ListItem\",\"position\":2,\"name\":\"\u00c7\u00f6lyak Vakf\u0131 ve \u00c7al\u0131\u015fma ve Sosyal G\u00fcvenlik Bakanl\u0131\u011f\u0131 G\u00f6r\u00fc\u015fmesi\"}]},{\"@type\":\"WebSite\",\"@id\":\"https:\/\/otoson.com.tr\/demo\/#website\",\"url\":\"https:\/\/otoson.com.tr\/demo\/\",\"name\":\"\u00c7\u00f6lyak Vakf\u0131\",\"description\":\"Her lokmada \u00f6zg\u00fcrl\u00fck, her ad\u0131mda dayan\u0131\u015fma\",\"publisher\":{\"@id\":\"https:\/\/otoson.com.tr\/demo\/#organization\"},\"potentialAction\":[{\"@type\":\"SearchAction\",\"target\":{\"@type\":\"EntryPoint\",\"urlTemplate\":\"https:\/\/otoson.com.tr\/demo\/?s={search_term_string}\"},\"query-input\":{\"@type\":\"PropertyValueSpecification\",\"valueRequired\":true,\"valueName\":\"search_term_string\"}}],\"inLanguage\":\"tr\"},{\"@type\":\"Organization\",\"@id\":\"https:\/\/otoson.com.tr\/demo\/#organization\",\"name\":\"\u00c7\u00f6lyak Vakf\u0131\",\"url\":\"https:\/\/otoson.com.tr\/demo\/\",\"logo\":{\"@type\":\"ImageObject\",\"inLanguage\":\"tr\",\"@id\":\"https:\/\/otoson.com.tr\/demo\/#\/schema\/logo\/image\/\",\"url\":\"https:\/\/colyakvakfi.org\/wp-content\/uploads\/2024\/03\/CVLogo.png\",\"contentUrl\":\"https:\/\/colyakvakfi.org\/wp-content\/uploads\/2024\/03\/CVLogo.png\",\"width\":250,\"height\":250,\"caption\":\"\u00c7\u00f6lyak Vakf\u0131\"},\"image\":{\"@id\":\"https:\/\/otoson.com.tr\/demo\/#\/schema\/logo\/image\/\"},\"sameAs\":[\"https:\/\/x.com\/colyakvakfi\",\"https:\/\/instagram.com\/colyakvakfi\"]},{\"@type\":\"Person\",\"@id\":\"https:\/\/otoson.com.tr\/demo\/#\/schema\/person\/9e7b35c6992260ba3822d06e59b5546b\",\"name\":\"\u00c7\u00f6lyak Vakf\u0131\",\"image\":{\"@type\":\"ImageObject\",\"inLanguage\":\"tr\",\"@id\":\"https:\/\/otoson.com.tr\/demo\/#\/schema\/person\/image\/\",\"url\":\"https:\/\/secure.gravatar.com\/avatar\/d9c6d52721279c4d6658d18797aa9e4d6697febae500cfc164c247c41f387e6f?s=96&d=mm&r=g\",\"contentUrl\":\"https:\/\/secure.gravatar.com\/avatar\/d9c6d52721279c4d6658d18797aa9e4d6697febae500cfc164c247c41f387e6f?s=96&d=mm&r=g\",\"caption\":\"\u00c7\u00f6lyak Vakf\u0131\"},\"sameAs\":[\"http:\/\/colyakvakfi.org\",\"https:\/\/www.instagram.com\/colyakvakfi\/\"],\"url\":\"https:\/\/otoson.com.tr\/demo\/author\/admin\/\"}]}<\/script>\n<!-- \/ Yoast SEO plugin. -->","yoast_head_json":{"title":"\u00c7\u00f6lyak Vakf\u0131 ve \u00c7al\u0131\u015fma ve Sosyal G\u00fcvenlik Bakanl\u0131\u011f\u0131 G\u00f6r\u00fc\u015fmesi - \u00c7\u00f6lyak Vakf\u0131","description":"\u00c7al\u0131\u015fma ve Sosyal G\u00fcvenlik Bakanl\u0131\u011f\u0131 ile ger\u00e7ekle\u015ftirdi\u011fimiz toplant\u0131da \u00e7\u00f6lyak \u00f6deneklerinin art\u0131r\u0131lmas\u0131 ve \u00e7al\u0131\u015fma alanlar\u0131nda gl\u00fctensiz yemek sunulmas\u0131 i\u00e7in talepte bulunduk.","robots":{"index":"index","follow":"follow","max-snippet":"max-snippet:-1","max-image-preview":"max-image-preview:large","max-video-preview":"max-video-preview:-1"},"canonical":"https:\/\/otoson.com.tr\/demo\/colyak-vakfi-ve-calisma-ve-sosyal-guvenlik-bakanligi-gorusmesi\/","og_locale":"tr_TR","og_type":"article","og_title":"\u00c7\u00f6lyak Vakf\u0131 ve \u00c7al\u0131\u015fma ve Sosyal G\u00fcvenlik Bakanl\u0131\u011f\u0131 G\u00f6r\u00fc\u015fmesi - \u00c7\u00f6lyak Vakf\u0131","og_description":"\u00c7al\u0131\u015fma ve Sosyal G\u00fcvenlik Bakanl\u0131\u011f\u0131 ile ger\u00e7ekle\u015ftirdi\u011fimiz toplant\u0131da \u00e7\u00f6lyak \u00f6deneklerinin art\u0131r\u0131lmas\u0131 ve \u00e7al\u0131\u015fma alanlar\u0131nda gl\u00fctensiz yemek sunulmas\u0131 i\u00e7in talepte bulunduk.","og_url":"https:\/\/otoson.com.tr\/demo\/colyak-vakfi-ve-calisma-ve-sosyal-guvenlik-bakanligi-gorusmesi\/","og_site_name":"\u00c7\u00f6lyak Vakf\u0131","article_published_time":"2024-02-07T08:51:00+00:00","article_modified_time":"2024-04-09T08:56:39+00:00","og_image":[{"width":1526,"height":919,"url":"https:\/\/otoson.com.tr\/demo\/wp-content\/uploads\/2024\/04\/CSGBakanligiGorusmesiSubat2024.png","type":"image\/png"}],"author":"\u00c7\u00f6lyak Vakf\u0131","twitter_card":"summary_large_image","twitter_creator":"@colyakvakfi","twitter_site":"@colyakvakfi","twitter_misc":{"Yazan:":"\u00c7\u00f6lyak Vakf\u0131","Tahmini okuma s\u00fcresi":"1 dakika"},"schema":{"@context":"https:\/\/schema.org","@graph":[{"@type":"Article","@id":"https:\/\/otoson.com.tr\/demo\/colyak-vakfi-ve-calisma-ve-sosyal-guvenlik-bakanligi-gorusmesi\/#article","isPartOf":{"@id":"https:\/\/otoson.com.tr\/demo\/colyak-vakfi-ve-calisma-ve-sosyal-guvenlik-bakanligi-gorusmesi\/"},"author":{"name":"\u00c7\u00f6lyak Vakf\u0131","@id":"https:\/\/otoson.com.tr\/demo\/#\/schema\/person\/9e7b35c6992260ba3822d06e59b5546b"},"headline":"\u00c7\u00f6lyak Vakf\u0131 ve \u00c7al\u0131\u015fma ve Sosyal G\u00fcvenlik Bakanl\u0131\u011f\u0131 G\u00f6r\u00fc\u015fmesi","datePublished":"2024-02-07T08:51:00+00:00","dateModified":"2024-04-09T08:56:39+00:00","mainEntityOfPage":{"@id":"https:\/\/otoson.com.tr\/demo\/colyak-vakfi-ve-calisma-ve-sosyal-guvenlik-bakanligi-gorusmesi\/"},"wordCount":161,"publisher":{"@id":"https:\/\/otoson.com.tr\/demo\/#organization"},"image":{"@id":"https:\/\/otoson.com.tr\/demo\/colyak-vakfi-ve-calisma-ve-sosyal-guvenlik-bakanligi-gorusmesi\/#primaryimage"},"thumbnailUrl":"https:\/\/otoson.com.tr\/demo\/wp-content\/uploads\/2024\/04\/CSGBakanligiGorusmesiSubat2024.png","keywords":["\u00e7al\u0131\u015fma alanlar\u0131nda glutensiz yemek","\u00c7al\u0131\u015fma ve Sosyal G\u00fcvenlik Bakanl\u0131\u011f\u0131","\u00e7\u00f6lyak","\u00e7\u00f6lyak \u00f6denekleri","glutensiz men\u00fc"],"articleSection":["Bakanl\u0131klar"],"inLanguage":"tr"},{"@type":"WebPage","@id":"https:\/\/otoson.com.tr\/demo\/colyak-vakfi-ve-calisma-ve-sosyal-guvenlik-bakanligi-gorusmesi\/","url":"https:\/\/otoson.com.tr\/demo\/colyak-vakfi-ve-calisma-ve-sosyal-guvenlik-bakanligi-gorusmesi\/","name":"\u00c7\u00f6lyak Vakf\u0131 ve \u00c7al\u0131\u015fma ve Sosyal G\u00fcvenlik Bakanl\u0131\u011f\u0131 G\u00f6r\u00fc\u015fmesi - \u00c7\u00f6lyak Vakf\u0131","isPartOf":{"@id":"https:\/\/otoson.com.tr\/demo\/#website"},"primaryImageOfPage":{"@id":"https:\/\/otoson.com.tr\/demo\/colyak-vakfi-ve-calisma-ve-sosyal-guvenlik-bakanligi-gorusmesi\/#primaryimage"},"image":{"@id":"https:\/\/otoson.com.tr\/demo\/colyak-vakfi-ve-calisma-ve-sosyal-guvenlik-bakanligi-gorusmesi\/#primaryimage"},"thumbnailUrl":"https:\/\/otoson.com.tr\/demo\/wp-content\/uploads\/2024\/04\/CSGBakanligiGorusmesiSubat2024.png","datePublished":"2024-02-07T08:51:00+00:00","dateModified":"2024-04-09T08:56:39+00:00","description":"\u00c7al\u0131\u015fma ve Sosyal G\u00fcvenlik Bakanl\u0131\u011f\u0131 ile ger\u00e7ekle\u015ftirdi\u011fimiz toplant\u0131da \u00e7\u00f6lyak \u00f6deneklerinin art\u0131r\u0131lmas\u0131 ve \u00e7al\u0131\u015fma alanlar\u0131nda gl\u00fctensiz yemek sunulmas\u0131 i\u00e7in talepte bulunduk.","breadcrumb":{"@id":"https:\/\/otoson.com.tr\/demo\/colyak-vakfi-ve-calisma-ve-sosyal-guvenlik-bakanligi-gorusmesi\/#breadcrumb"},"inLanguage":"tr","potentialAction":[{"@type":"ReadAction","target":["https:\/\/otoson.com.tr\/demo\/colyak-vakfi-ve-calisma-ve-sosyal-guvenlik-bakanligi-gorusmesi\/"]}]},{"@type":"ImageObject","inLanguage":"tr","@id":"https:\/\/otoson.com.tr\/demo\/colyak-vakfi-ve-calisma-ve-sosyal-guvenlik-bakanligi-gorusmesi\/#primaryimage","url":"https:\/\/otoson.com.tr\/demo\/wp-content\/uploads\/2024\/04\/CSGBakanligiGorusmesiSubat2024.png","contentUrl":"https:\/\/otoson.com.tr\/demo\/wp-content\/uploads\/2024\/04\/CSGBakanligiGorusmesiSubat2024.png","width":1526,"height":919},{"@type":"BreadcrumbList","@id":"https:\/\/otoson.com.tr\/demo\/colyak-vakfi-ve-calisma-ve-sosyal-guvenlik-bakanligi-gorusmesi\/#breadcrumb","itemListElement":[{"@type":"ListItem","position":1,"name":"Ana Sayfa","item":"https:\/\/otoson.com.tr\/demo\/"},{"@type":"ListItem","position":2,"name":"\u00c7\u00f6lyak Vakf\u0131 ve \u00c7al\u0131\u015fma ve Sosyal G\u00fcvenlik Bakanl\u0131\u011f\u0131 G\u00f6r\u00fc\u015fmesi"}]},{"@type":"WebSite","@id":"https:\/\/otoson.com.tr\/demo\/#website","url":"https:\/\/otoson.com.tr\/demo\/","name":"\u00c7\u00f6lyak Vakf\u0131","description":"Her lokmada \u00f6zg\u00fcrl\u00fck, her ad\u0131mda dayan\u0131\u015fma","publisher":{"@id":"https:\/\/otoson.com.tr\/demo\/#organization"},"potentialAction":[{"@type":"SearchAction","target":{"@type":"EntryPoint","urlTemplate":"https:\/\/otoson.com.tr\/demo\/?s={search_term_string}"},"query-input":{"@type":"PropertyValueSpecification","valueRequired":true,"valueName":"search_term_string"}}],"inLanguage":"tr"},{"@type":"Organization","@id":"https:\/\/otoson.com.tr\/demo\/#organization","name":"\u00c7\u00f6lyak Vakf\u0131","url":"https:\/\/otoson.com.tr\/demo\/","logo":{"@type":"ImageObject","inLanguage":"tr","@id":"https:\/\/otoson.com.tr\/demo\/#\/schema\/logo\/image\/","url":"https:\/\/colyakvakfi.org\/wp-content\/uploads\/2024\/03\/CVLogo.png","contentUrl":"https:\/\/colyakvakfi.org\/wp-content\/uploads\/2024\/03\/CVLogo.png","width":250,"height":250,"caption":"\u00c7\u00f6lyak Vakf\u0131"},"image":{"@id":"https:\/\/otoson.com.tr\/demo\/#\/schema\/logo\/image\/"},"sameAs":["https:\/\/x.com\/colyakvakfi","https:\/\/instagram.com\/colyakvakfi"]},{"@type":"Person","@id":"https:\/\/otoson.com.tr\/demo\/#\/schema\/person\/9e7b35c6992260ba3822d06e59b5546b","name":"\u00c7\u00f6lyak Vakf\u0131","image":{"@type":"ImageObject","inLanguage":"tr","@id":"https:\/\/otoson.com.tr\/demo\/#\/schema\/person\/image\/","url":"https:\/\/secure.gravatar.com\/avatar\/d9c6d52721279c4d6658d18797aa9e4d6697febae500cfc164c247c41f387e6f?s=96&d=mm&r=g","contentUrl":"https:\/\/secure.gravatar.com\/avatar\/d9c6d52721279c4d6658d18797aa9e4d6697febae500cfc164c247c41f387e6f?s=96&d=mm&r=g","caption":"\u00c7\u00f6lyak Vakf\u0131"},"sameAs":["http:\/\/colyakvakfi.org","https:\/\/www.instagram.com\/colyakvakfi\/"],"url":"https:\/\/otoson.com.tr\/demo\/author\/admin\/"}]}},"_links":{"self":[{"href":"https:\/\/otoson.com.tr\/demo\/wp-json\/wp\/v2\/posts\/1143","targetHints":{"allow":["GET"]}}],"collection":[{"href":"https:\/\/otoson.com.tr\/demo\/wp-json\/wp\/v2\/posts"}],"about":[{"href":"https:\/\/otoson.com.tr\/demo\/wp-json\/wp\/v2\/types\/post"}],"author":[{"embeddable":true,"href":"https:\/\/otoson.com.tr\/demo\/wp-json\/wp\/v2\/users\/1"}],"replies":[{"embeddable":true,"href":"https:\/\/otoson.com.tr\/demo\/wp-json\/wp\/v2\/comments?post=1143"}],"version-history":[{"count":1,"href":"https:\/\/otoson.com.tr\/demo\/wp-json\/wp\/v2\/posts\/1143\/revisions"}],"predecessor-version":[{"id":1145,"href":"https:\/\/otoson.com.tr\/demo\/wp-json\/wp\/v2\/posts\/1143\/revisions\/1145"}],"wp:featuredmedia":[{"embeddable":true,"href":"https:\/\/otoson.com.tr\/demo\/wp-json\/wp\/v2\/media\/1144"}],"wp:attachment":[{"href":"https:\/\/otoson.com.tr\/demo\/wp-json\/wp\/v2\/media?parent=1143"}],"wp:term":[{"taxonomy":"category","embeddable":true,"href":"https:\/\/otoson.com.tr\/demo\/wp-json\/wp\/v2\/categories?post=1143"},{"taxonomy":"post_tag","embeddable":true,"href":"https:\/\/otoson.com.tr\/demo\/wp-json\/wp\/v2\/tags?post=1143"}],"curies":[{"name":"wp","href":"https:\/\/api.w.org\/{rel}","templated":true}]}}