{"id":1146,"date":"2024-02-23T12:01:00","date_gmt":"2024-02-23T09:01:00","guid":{"rendered":"https:\/\/colyakvakfi.org\/?p=1146"},"modified":"2024-04-09T12:06:48","modified_gmt":"2024-04-09T09:06:48","slug":"colyak-vakfi-ve-bahcelievler-belediyesi-gorusmesi","status":"publish","type":"post","link":"https:\/\/otoson.com.tr\/demo\/colyak-vakfi-ve-bahcelievler-belediyesi-gorusmesi\/","title":{"rendered":"\u00c7\u00f6lyak Vakf\u0131 ve Bah\u00e7elievler Belediyesi G\u00f6r\u00fc\u015fmesi"},"content":{"rendered":"\n<p>Bah\u00e7elievler Belediye Ba\u015fkan Yard\u0131mc\u0131s\u0131 Say\u0131n G\u00f6ksel Erdem ile bir toplant\u0131m\u0131z oldu.<br>G\u00f6r\u00fc\u015fmemiz sonucunda Bah\u00e7elievler Belediyesi ve \u00c7\u00f6lyak Vakf\u0131 ortakl\u0131\u011f\u0131 ile Bah\u00e7elievler\u2019de \u00e7\u00f6lyak hastalar\u0131na, gl\u00fctensiz beslenenlere ve di\u011fer beslenme k\u0131s\u0131tlar\u0131na \u00f6zel (diyabet, laktoz, vegan) bir Gl\u00fctensiz Ya\u015fam Merkezi olu\u015fturulmas\u0131 i\u00e7in proje i\u015f birli\u011fine karar verildi. \ud83e\udde1<\/p>\n\n\n\n<p>Bizi a\u011f\u0131rlad\u0131klar\u0131 ve Vakf\u0131m\u0131za g\u00f6sterdikleri ilgi i\u00e7in kendilerine \u00e7ok te\u015fekk\u00fcr ediyoruz.<\/p>\n","protected":false},"excerpt":{"rendered":"<p>Bah\u00e7elievler Belediye Ba\u015fkan Yard\u0131mc\u0131s\u0131 Say\u0131n G\u00f6ksel Erdem ile bir toplant\u0131m\u0131z oldu.G\u00f6r\u00fc\u015fmemiz sonucunda Bah\u00e7elievler Belediyesi ve \u00c7\u00f6lyak Vakf\u0131 ortakl\u0131\u011f\u0131 ile Bah\u00e7elievler\u2019de \u00e7\u00f6lyak hastalar\u0131na, gl\u00fctensiz beslenenlere ve di\u011fer beslenme k\u0131s\u0131tlar\u0131na \u00f6zel (diyabet,&hellip;<\/p>\n","protected":false},"author":1,"featured_media":1147,"comment_status":"closed","ping_status":"open","sticky":false,"template":"","format":"standard","meta":{"give_campaign_id":0,"_lmt_disableupdate":"","_lmt_disable":"","footnotes":""},"categories":[25],"tags":[51,19,20,52],"class_list":["post-1146","post","type-post","status-publish","format-standard","has-post-thumbnail","hentry","category-belediyeler","tag-bahcelievler-belediyesi","tag-colyak","tag-glutensiz-beslenme","tag-glutensiz-yasam-merkezi"],"yoast_head":"<!-- This site is optimized with the Yoast SEO plugin v24.9 - https:\/\/yoast.com\/wordpress\/plugins\/seo\/ -->\n<title>\u00c7\u00f6lyak Vakf\u0131 ve Bah\u00e7elievler Belediyesi G\u00f6r\u00fc\u015fmesi - \u00c7\u00f6lyak Vakf\u0131<\/title>\n<meta name=\"description\" content=\"Bah\u00e7elievler Belediyesi ile g\u00f6r\u00fc\u015fmemiz sonucunda beslenme k\u0131s\u0131tlar\u0131na \u00f6zel bir Gl\u00fctensiz Ya\u015fam Merkezi i\u00e7in proje i\u015f birli\u011fine karar verildi.\" \/>\n<meta name=\"robots\" content=\"index, follow, max-snippet:-1, max-image-preview:large, max-video-preview:-1\" \/>\n<link rel=\"canonical\" href=\"https:\/\/otoson.com.tr\/demo\/colyak-vakfi-ve-bahcelievler-belediyesi-gorusmesi\/\" \/>\n<meta property=\"og:locale\" content=\"tr_TR\" \/>\n<meta property=\"og:type\" content=\"article\" \/>\n<meta property=\"og:title\" content=\"\u00c7\u00f6lyak Vakf\u0131 ve Bah\u00e7elievler Belediyesi G\u00f6r\u00fc\u015fmesi - \u00c7\u00f6lyak Vakf\u0131\" \/>\n<meta property=\"og:description\" content=\"Bah\u00e7elievler Belediyesi ile g\u00f6r\u00fc\u015fmemiz sonucunda beslenme k\u0131s\u0131tlar\u0131na \u00f6zel bir Gl\u00fctensiz Ya\u015fam Merkezi i\u00e7in proje i\u015f birli\u011fine karar verildi.\" \/>\n<meta property=\"og:url\" content=\"https:\/\/otoson.com.tr\/demo\/colyak-vakfi-ve-bahcelievler-belediyesi-gorusmesi\/\" \/>\n<meta property=\"og:site_name\" content=\"\u00c7\u00f6lyak Vakf\u0131\" \/>\n<meta property=\"article:published_time\" content=\"2024-02-23T09:01:00+00:00\" \/>\n<meta property=\"article:modified_time\" content=\"2024-04-09T09:06:48+00:00\" \/>\n<meta property=\"og:image\" content=\"https:\/\/otoson.com.tr\/demo\/wp-content\/uploads\/2024\/04\/BahcelievlerBelediyesiGorusmesiSubat2024.png\" \/>\n\t<meta property=\"og:image:width\" content=\"1226\" \/>\n\t<meta property=\"og:image:height\" content=\"883\" \/>\n\t<meta property=\"og:image:type\" content=\"image\/png\" \/>\n<meta name=\"author\" content=\"\u00c7\u00f6lyak Vakf\u0131\" \/>\n<meta name=\"twitter:card\" content=\"summary_large_image\" \/>\n<meta name=\"twitter:creator\" content=\"@colyakvakfi\" \/>\n<meta name=\"twitter:site\" content=\"@colyakvakfi\" \/>\n<meta name=\"twitter:label1\" content=\"Yazan:\" \/>\n\t<meta name=\"twitter:data1\" content=\"\u00c7\u00f6lyak Vakf\u0131\" \/>\n\t<meta name=\"twitter:label2\" content=\"Tahmini okuma s\u00fcresi\" \/>\n\t<meta name=\"twitter:data2\" content=\"1 dakika\" \/>\n<script type=\"application\/ld+json\" class=\"yoast-schema-graph\">{\"@context\":\"https:\/\/schema.org\",\"@graph\":[{\"@type\":\"Article\",\"@id\":\"https:\/\/otoson.com.tr\/demo\/colyak-vakfi-ve-bahcelievler-belediyesi-gorusmesi\/#article\",\"isPartOf\":{\"@id\":\"https:\/\/otoson.com.tr\/demo\/colyak-vakfi-ve-bahcelievler-belediyesi-gorusmesi\/\"},\"author\":{\"name\":\"\u00c7\u00f6lyak Vakf\u0131\",\"@id\":\"https:\/\/otoson.com.tr\/demo\/#\/schema\/person\/9e7b35c6992260ba3822d06e59b5546b\"},\"headline\":\"\u00c7\u00f6lyak Vakf\u0131 ve Bah\u00e7elievler Belediyesi G\u00f6r\u00fc\u015fmesi\",\"datePublished\":\"2024-02-23T09:01:00+00:00\",\"dateModified\":\"2024-04-09T09:06:48+00:00\",\"mainEntityOfPage\":{\"@id\":\"https:\/\/otoson.com.tr\/demo\/colyak-vakfi-ve-bahcelievler-belediyesi-gorusmesi\/\"},\"wordCount\":96,\"publisher\":{\"@id\":\"https:\/\/otoson.com.tr\/demo\/#organization\"},\"image\":{\"@id\":\"https:\/\/otoson.com.tr\/demo\/colyak-vakfi-ve-bahcelievler-belediyesi-gorusmesi\/#primaryimage\"},\"thumbnailUrl\":\"https:\/\/otoson.com.tr\/demo\/wp-content\/uploads\/2024\/04\/BahcelievlerBelediyesiGorusmesiSubat2024.png\",\"keywords\":[\"Bah\u00e7elievler Belediyesi\",\"\u00e7\u00f6lyak\",\"glutensiz beslenme\",\"Glutensiz Ya\u015fam Merkezi\"],\"articleSection\":[\"Belediyeler\"],\"inLanguage\":\"tr\"},{\"@type\":\"WebPage\",\"@id\":\"https:\/\/otoson.com.tr\/demo\/colyak-vakfi-ve-bahcelievler-belediyesi-gorusmesi\/\",\"url\":\"https:\/\/otoson.com.tr\/demo\/colyak-vakfi-ve-bahcelievler-belediyesi-gorusmesi\/\",\"name\":\"\u00c7\u00f6lyak Vakf\u0131 ve Bah\u00e7elievler Belediyesi G\u00f6r\u00fc\u015fmesi - \u00c7\u00f6lyak Vakf\u0131\",\"isPartOf\":{\"@id\":\"https:\/\/otoson.com.tr\/demo\/#website\"},\"primaryImageOfPage\":{\"@id\":\"https:\/\/otoson.com.tr\/demo\/colyak-vakfi-ve-bahcelievler-belediyesi-gorusmesi\/#primaryimage\"},\"image\":{\"@id\":\"https:\/\/otoson.com.tr\/demo\/colyak-vakfi-ve-bahcelievler-belediyesi-gorusmesi\/#primaryimage\"},\"thumbnailUrl\":\"https:\/\/otoson.com.tr\/demo\/wp-content\/uploads\/2024\/04\/BahcelievlerBelediyesiGorusmesiSubat2024.png\",\"datePublished\":\"2024-02-23T09:01:00+00:00\",\"dateModified\":\"2024-04-09T09:06:48+00:00\",\"description\":\"Bah\u00e7elievler Belediyesi ile g\u00f6r\u00fc\u015fmemiz sonucunda beslenme k\u0131s\u0131tlar\u0131na \u00f6zel bir Gl\u00fctensiz Ya\u015fam Merkezi i\u00e7in proje i\u015f birli\u011fine karar verildi.\",\"breadcrumb\":{\"@id\":\"https:\/\/otoson.com.tr\/demo\/colyak-vakfi-ve-bahcelievler-belediyesi-gorusmesi\/#breadcrumb\"},\"inLanguage\":\"tr\",\"potentialAction\":[{\"@type\":\"ReadAction\",\"target\":[\"https:\/\/otoson.com.tr\/demo\/colyak-vakfi-ve-bahcelievler-belediyesi-gorusmesi\/\"]}]},{\"@type\":\"ImageObject\",\"inLanguage\":\"tr\",\"@id\":\"https:\/\/otoson.com.tr\/demo\/colyak-vakfi-ve-bahcelievler-belediyesi-gorusmesi\/#primaryimage\",\"url\":\"https:\/\/otoson.com.tr\/demo\/wp-content\/uploads\/2024\/04\/BahcelievlerBelediyesiGorusmesiSubat2024.png\",\"contentUrl\":\"https:\/\/otoson.com.tr\/demo\/wp-content\/uploads\/2024\/04\/BahcelievlerBelediyesiGorusmesiSubat2024.png\",\"width\":1226,\"height\":883},{\"@type\":\"BreadcrumbList\",\"@id\":\"https:\/\/otoson.com.tr\/demo\/colyak-vakfi-ve-bahcelievler-belediyesi-gorusmesi\/#breadcrumb\",\"itemListElement\":[{\"@type\":\"ListItem\",\"position\":1,\"name\":\"Ana Sayfa\",\"item\":\"https:\/\/otoson.com.tr\/demo\/\"},{\"@type\":\"ListItem\",\"position\":2,\"name\":\"\u00c7\u00f6lyak Vakf\u0131 ve Bah\u00e7elievler Belediyesi G\u00f6r\u00fc\u015fmesi\"}]},{\"@type\":\"WebSite\",\"@id\":\"https:\/\/otoson.com.tr\/demo\/#website\",\"url\":\"https:\/\/otoson.com.tr\/demo\/\",\"name\":\"\u00c7\u00f6lyak Vakf\u0131\",\"description\":\"Her lokmada \u00f6zg\u00fcrl\u00fck, her ad\u0131mda dayan\u0131\u015fma\",\"publisher\":{\"@id\":\"https:\/\/otoson.com.tr\/demo\/#organization\"},\"potentialAction\":[{\"@type\":\"SearchAction\",\"target\":{\"@type\":\"EntryPoint\",\"urlTemplate\":\"https:\/\/otoson.com.tr\/demo\/?s={search_term_string}\"},\"query-input\":{\"@type\":\"PropertyValueSpecification\",\"valueRequired\":true,\"valueName\":\"search_term_string\"}}],\"inLanguage\":\"tr\"},{\"@type\":\"Organization\",\"@id\":\"https:\/\/otoson.com.tr\/demo\/#organization\",\"name\":\"\u00c7\u00f6lyak Vakf\u0131\",\"url\":\"https:\/\/otoson.com.tr\/demo\/\",\"logo\":{\"@type\":\"ImageObject\",\"inLanguage\":\"tr\",\"@id\":\"https:\/\/otoson.com.tr\/demo\/#\/schema\/logo\/image\/\",\"url\":\"https:\/\/colyakvakfi.org\/wp-content\/uploads\/2024\/03\/CVLogo.png\",\"contentUrl\":\"https:\/\/colyakvakfi.org\/wp-content\/uploads\/2024\/03\/CVLogo.png\",\"width\":250,\"height\":250,\"caption\":\"\u00c7\u00f6lyak Vakf\u0131\"},\"image\":{\"@id\":\"https:\/\/otoson.com.tr\/demo\/#\/schema\/logo\/image\/\"},\"sameAs\":[\"https:\/\/x.com\/colyakvakfi\",\"https:\/\/instagram.com\/colyakvakfi\"]},{\"@type\":\"Person\",\"@id\":\"https:\/\/otoson.com.tr\/demo\/#\/schema\/person\/9e7b35c6992260ba3822d06e59b5546b\",\"name\":\"\u00c7\u00f6lyak Vakf\u0131\",\"image\":{\"@type\":\"ImageObject\",\"inLanguage\":\"tr\",\"@id\":\"https:\/\/otoson.com.tr\/demo\/#\/schema\/person\/image\/\",\"url\":\"https:\/\/secure.gravatar.com\/avatar\/d9c6d52721279c4d6658d18797aa9e4d6697febae500cfc164c247c41f387e6f?s=96&d=mm&r=g\",\"contentUrl\":\"https:\/\/secure.gravatar.com\/avatar\/d9c6d52721279c4d6658d18797aa9e4d6697febae500cfc164c247c41f387e6f?s=96&d=mm&r=g\",\"caption\":\"\u00c7\u00f6lyak Vakf\u0131\"},\"sameAs\":[\"http:\/\/colyakvakfi.org\",\"https:\/\/www.instagram.com\/colyakvakfi\/\"],\"url\":\"https:\/\/otoson.com.tr\/demo\/author\/admin\/\"}]}<\/script>\n<!-- \/ Yoast SEO plugin. -->","yoast_head_json":{"title":"\u00c7\u00f6lyak Vakf\u0131 ve Bah\u00e7elievler Belediyesi G\u00f6r\u00fc\u015fmesi - \u00c7\u00f6lyak Vakf\u0131","description":"Bah\u00e7elievler Belediyesi ile g\u00f6r\u00fc\u015fmemiz sonucunda beslenme k\u0131s\u0131tlar\u0131na \u00f6zel bir Gl\u00fctensiz Ya\u015fam Merkezi i\u00e7in proje i\u015f birli\u011fine karar verildi.","robots":{"index":"index","follow":"follow","max-snippet":"max-snippet:-1","max-image-preview":"max-image-preview:large","max-video-preview":"max-video-preview:-1"},"canonical":"https:\/\/otoson.com.tr\/demo\/colyak-vakfi-ve-bahcelievler-belediyesi-gorusmesi\/","og_locale":"tr_TR","og_type":"article","og_title":"\u00c7\u00f6lyak Vakf\u0131 ve Bah\u00e7elievler Belediyesi G\u00f6r\u00fc\u015fmesi - \u00c7\u00f6lyak Vakf\u0131","og_description":"Bah\u00e7elievler Belediyesi ile g\u00f6r\u00fc\u015fmemiz sonucunda beslenme k\u0131s\u0131tlar\u0131na \u00f6zel bir Gl\u00fctensiz Ya\u015fam Merkezi i\u00e7in proje i\u015f birli\u011fine karar verildi.","og_url":"https:\/\/otoson.com.tr\/demo\/colyak-vakfi-ve-bahcelievler-belediyesi-gorusmesi\/","og_site_name":"\u00c7\u00f6lyak Vakf\u0131","article_published_time":"2024-02-23T09:01:00+00:00","article_modified_time":"2024-04-09T09:06:48+00:00","og_image":[{"width":1226,"height":883,"url":"https:\/\/otoson.com.tr\/demo\/wp-content\/uploads\/2024\/04\/BahcelievlerBelediyesiGorusmesiSubat2024.png","type":"image\/png"}],"author":"\u00c7\u00f6lyak Vakf\u0131","twitter_card":"summary_large_image","twitter_creator":"@colyakvakfi","twitter_site":"@colyakvakfi","twitter_misc":{"Yazan:":"\u00c7\u00f6lyak Vakf\u0131","Tahmini okuma s\u00fcresi":"1 dakika"},"schema":{"@context":"https:\/\/schema.org","@graph":[{"@type":"Article","@id":"https:\/\/otoson.com.tr\/demo\/colyak-vakfi-ve-bahcelievler-belediyesi-gorusmesi\/#article","isPartOf":{"@id":"https:\/\/otoson.com.tr\/demo\/colyak-vakfi-ve-bahcelievler-belediyesi-gorusmesi\/"},"author":{"name":"\u00c7\u00f6lyak Vakf\u0131","@id":"https:\/\/otoson.com.tr\/demo\/#\/schema\/person\/9e7b35c6992260ba3822d06e59b5546b"},"headline":"\u00c7\u00f6lyak Vakf\u0131 ve Bah\u00e7elievler Belediyesi G\u00f6r\u00fc\u015fmesi","datePublished":"2024-02-23T09:01:00+00:00","dateModified":"2024-04-09T09:06:48+00:00","mainEntityOfPage":{"@id":"https:\/\/otoson.com.tr\/demo\/colyak-vakfi-ve-bahcelievler-belediyesi-gorusmesi\/"},"wordCount":96,"publisher":{"@id":"https:\/\/otoson.com.tr\/demo\/#organization"},"image":{"@id":"https:\/\/otoson.com.tr\/demo\/colyak-vakfi-ve-bahcelievler-belediyesi-gorusmesi\/#primaryimage"},"thumbnailUrl":"https:\/\/otoson.com.tr\/demo\/wp-content\/uploads\/2024\/04\/BahcelievlerBelediyesiGorusmesiSubat2024.png","keywords":["Bah\u00e7elievler Belediyesi","\u00e7\u00f6lyak","glutensiz beslenme","Glutensiz Ya\u015fam Merkezi"],"articleSection":["Belediyeler"],"inLanguage":"tr"},{"@type":"WebPage","@id":"https:\/\/otoson.com.tr\/demo\/colyak-vakfi-ve-bahcelievler-belediyesi-gorusmesi\/","url":"https:\/\/otoson.com.tr\/demo\/colyak-vakfi-ve-bahcelievler-belediyesi-gorusmesi\/","name":"\u00c7\u00f6lyak Vakf\u0131 ve Bah\u00e7elievler Belediyesi G\u00f6r\u00fc\u015fmesi - \u00c7\u00f6lyak Vakf\u0131","isPartOf":{"@id":"https:\/\/otoson.com.tr\/demo\/#website"},"primaryImageOfPage":{"@id":"https:\/\/otoson.com.tr\/demo\/colyak-vakfi-ve-bahcelievler-belediyesi-gorusmesi\/#primaryimage"},"image":{"@id":"https:\/\/otoson.com.tr\/demo\/colyak-vakfi-ve-bahcelievler-belediyesi-gorusmesi\/#primaryimage"},"thumbnailUrl":"https:\/\/otoson.com.tr\/demo\/wp-content\/uploads\/2024\/04\/BahcelievlerBelediyesiGorusmesiSubat2024.png","datePublished":"2024-02-23T09:01:00+00:00","dateModified":"2024-04-09T09:06:48+00:00","description":"Bah\u00e7elievler Belediyesi ile g\u00f6r\u00fc\u015fmemiz sonucunda beslenme k\u0131s\u0131tlar\u0131na \u00f6zel bir Gl\u00fctensiz Ya\u015fam Merkezi i\u00e7in proje i\u015f birli\u011fine karar verildi.","breadcrumb":{"@id":"https:\/\/otoson.com.tr\/demo\/colyak-vakfi-ve-bahcelievler-belediyesi-gorusmesi\/#breadcrumb"},"inLanguage":"tr","potentialAction":[{"@type":"ReadAction","target":["https:\/\/otoson.com.tr\/demo\/colyak-vakfi-ve-bahcelievler-belediyesi-gorusmesi\/"]}]},{"@type":"ImageObject","inLanguage":"tr","@id":"https:\/\/otoson.com.tr\/demo\/colyak-vakfi-ve-bahcelievler-belediyesi-gorusmesi\/#primaryimage","url":"https:\/\/otoson.com.tr\/demo\/wp-content\/uploads\/2024\/04\/BahcelievlerBelediyesiGorusmesiSubat2024.png","contentUrl":"https:\/\/otoson.com.tr\/demo\/wp-content\/uploads\/2024\/04\/BahcelievlerBelediyesiGorusmesiSubat2024.png","width":1226,"height":883},{"@type":"BreadcrumbList","@id":"https:\/\/otoson.com.tr\/demo\/colyak-vakfi-ve-bahcelievler-belediyesi-gorusmesi\/#breadcrumb","itemListElement":[{"@type":"ListItem","position":1,"name":"Ana Sayfa","item":"https:\/\/otoson.com.tr\/demo\/"},{"@type":"ListItem","position":2,"name":"\u00c7\u00f6lyak Vakf\u0131 ve Bah\u00e7elievler Belediyesi G\u00f6r\u00fc\u015fmesi"}]},{"@type":"WebSite","@id":"https:\/\/otoson.com.tr\/demo\/#website","url":"https:\/\/otoson.com.tr\/demo\/","name":"\u00c7\u00f6lyak Vakf\u0131","description":"Her lokmada \u00f6zg\u00fcrl\u00fck, her ad\u0131mda dayan\u0131\u015fma","publisher":{"@id":"https:\/\/otoson.com.tr\/demo\/#organization"},"potentialAction":[{"@type":"SearchAction","target":{"@type":"EntryPoint","urlTemplate":"https:\/\/otoson.com.tr\/demo\/?s={search_term_string}"},"query-input":{"@type":"PropertyValueSpecification","valueRequired":true,"valueName":"search_term_string"}}],"inLanguage":"tr"},{"@type":"Organization","@id":"https:\/\/otoson.com.tr\/demo\/#organization","name":"\u00c7\u00f6lyak Vakf\u0131","url":"https:\/\/otoson.com.tr\/demo\/","logo":{"@type":"ImageObject","inLanguage":"tr","@id":"https:\/\/otoson.com.tr\/demo\/#\/schema\/logo\/image\/","url":"https:\/\/colyakvakfi.org\/wp-content\/uploads\/2024\/03\/CVLogo.png","contentUrl":"https:\/\/colyakvakfi.org\/wp-content\/uploads\/2024\/03\/CVLogo.png","width":250,"height":250,"caption":"\u00c7\u00f6lyak Vakf\u0131"},"image":{"@id":"https:\/\/otoson.com.tr\/demo\/#\/schema\/logo\/image\/"},"sameAs":["https:\/\/x.com\/colyakvakfi","https:\/\/instagram.com\/colyakvakfi"]},{"@type":"Person","@id":"https:\/\/otoson.com.tr\/demo\/#\/schema\/person\/9e7b35c6992260ba3822d06e59b5546b","name":"\u00c7\u00f6lyak Vakf\u0131","image":{"@type":"ImageObject","inLanguage":"tr","@id":"https:\/\/otoson.com.tr\/demo\/#\/schema\/person\/image\/","url":"https:\/\/secure.gravatar.com\/avatar\/d9c6d52721279c4d6658d18797aa9e4d6697febae500cfc164c247c41f387e6f?s=96&d=mm&r=g","contentUrl":"https:\/\/secure.gravatar.com\/avatar\/d9c6d52721279c4d6658d18797aa9e4d6697febae500cfc164c247c41f387e6f?s=96&d=mm&r=g","caption":"\u00c7\u00f6lyak Vakf\u0131"},"sameAs":["http:\/\/colyakvakfi.org","https:\/\/www.instagram.com\/colyakvakfi\/"],"url":"https:\/\/otoson.com.tr\/demo\/author\/admin\/"}]}},"_links":{"self":[{"href":"https:\/\/otoson.com.tr\/demo\/wp-json\/wp\/v2\/posts\/1146","targetHints":{"allow":["GET"]}}],"collection":[{"href":"https:\/\/otoson.com.tr\/demo\/wp-json\/wp\/v2\/posts"}],"about":[{"href":"https:\/\/otoson.com.tr\/demo\/wp-json\/wp\/v2\/types\/post"}],"author":[{"embeddable":true,"href":"https:\/\/otoson.com.tr\/demo\/wp-json\/wp\/v2\/users\/1"}],"replies":[{"embeddable":true,"href":"https:\/\/otoson.com.tr\/demo\/wp-json\/wp\/v2\/comments?post=1146"}],"version-history":[{"count":1,"href":"https:\/\/otoson.com.tr\/demo\/wp-json\/wp\/v2\/posts\/1146\/revisions"}],"predecessor-version":[{"id":1149,"href":"https:\/\/otoson.com.tr\/demo\/wp-json\/wp\/v2\/posts\/1146\/revisions\/1149"}],"wp:featuredmedia":[{"embeddable":true,"href":"https:\/\/otoson.com.tr\/demo\/wp-json\/wp\/v2\/media\/1147"}],"wp:attachment":[{"href":"https:\/\/otoson.com.tr\/demo\/wp-json\/wp\/v2\/media?parent=1146"}],"wp:term":[{"taxonomy":"category","embeddable":true,"href":"https:\/\/otoson.com.tr\/demo\/wp-json\/wp\/v2\/categories?post=1146"},{"taxonomy":"post_tag","embeddable":true,"href":"https:\/\/otoson.com.tr\/demo\/wp-json\/wp\/v2\/tags?post=1146"}],"curies":[{"name":"wp","href":"https:\/\/api.w.org\/{rel}","templated":true}]}}